{"id":9970,"date":"2022-10-17T11:57:36","date_gmt":"2022-10-17T14:57:36","guid":{"rendered":"https:\/\/www.auxiliadorapredial.com.br\/blog\/?p=9970"},"modified":"2024-03-26T14:02:13","modified_gmt":"2024-03-26T17:02:13","slug":"guia-completo-de-reforma-para-imovel-comercial","status":"publish","type":"post","link":"https:\/\/auxiliadorapredial.com.br\/blog\/guia-completo-de-reforma-para-imovel-comercial\/","title":{"rendered":"Guia completo de reforma para im\u00f3vel comercial"},"content":{"rendered":"<p><span style=\"font-weight: 400;\">Mais do que um investimento, <\/span><b>reformar um <a href=\"https:\/\/www.auxiliadorapredial.com.br\/alugar\/comercial\/rs+porto-alegre\">im\u00f3vel comercial<\/a><\/b><span style=\"font-weight: 400;\"> \u00e9 a porta de entrada para trilhar um <\/span><b>caminho de maior lucratividade,<\/b><span style=\"font-weight: 400;\"> seja para alug\u00e1-lo ou fazer sede dos seus pr\u00f3prios neg\u00f3cios.\u00a0<\/span><\/p>\n<p><span style=\"font-weight: 400;\">Um espa\u00e7o comercial deve transparecer tudo aquilo que \u00e9 fundamental no universo corporativo: <\/span><b>qualidade, responsabilidade e, sobretudo, credibilidade.\u00a0<\/b><\/p>\n<p><span style=\"font-weight: 400;\">Tudo isso sempre junto a um ar de modernidade, praticidade e funcionalidade que se adapta a m\u00faltiplas usabilidades.<\/span><\/p>\n<p><span style=\"font-weight: 400;\">Assim se tornar\u00e1 mais f\u00e1cil atrair clientes, fortalecer a imagem positiva da sua empresa e aprimorar sua autoridade no segmento em que atua.<\/span><\/p>\n<p><span style=\"font-weight: 400;\">Mas se voc\u00ea tem um im\u00f3vel comercial e ainda n\u00e3o sabe muito bem como deix\u00e1-lo ainda mais profissional, continue lendo.<\/span><\/p>\n<p><span style=\"font-weight: 400;\">Confira as<\/span><b> dicas de reforma de loja <\/b><span style=\"font-weight: 400;\">fundamentais para te ajudar nessa tarefa!<\/span><\/p>\n<div id=\"ez-toc-container\" class=\"ez-toc-v2_0_82_2 counter-hierarchy ez-toc-counter ez-toc-transparent ez-toc-container-direction\">\n<p class=\"ez-toc-title\" style=\"cursor:inherit\">Navegue pelo conte\u00fado<\/p>\n<label for=\"ez-toc-cssicon-toggle-item-69f4c686d8982\" class=\"ez-toc-cssicon-toggle-label\"><span class=\"\"><span class=\"eztoc-hide\" style=\"display:none;\">Toggle<\/span><span class=\"ez-toc-icon-toggle-span\"><svg style=\"fill: #000000;color:#000000\" xmlns=\"http:\/\/www.w3.org\/2000\/svg\" class=\"list-377408\" width=\"20px\" height=\"20px\" viewBox=\"0 0 24 24\" fill=\"none\"><path d=\"M6 6H4v2h2V6zm14 0H8v2h12V6zM4 11h2v2H4v-2zm16 0H8v2h12v-2zM4 16h2v2H4v-2zm16 0H8v2h12v-2z\" fill=\"currentColor\"><\/path><\/svg><svg style=\"fill: #000000;color:#000000\" class=\"arrow-unsorted-368013\" xmlns=\"http:\/\/www.w3.org\/2000\/svg\" width=\"10px\" height=\"10px\" viewBox=\"0 0 24 24\" version=\"1.2\" baseProfile=\"tiny\"><path d=\"M18.2 9.3l-6.2-6.3-6.2 6.3c-.2.2-.3.4-.3.7s.1.5.3.7c.2.2.4.3.7.3h11c.3 0 .5-.1.7-.3.2-.2.3-.5.3-.7s-.1-.5-.3-.7zM5.8 14.7l6.2 6.3 6.2-6.3c.2-.2.3-.5.3-.7s-.1-.5-.3-.7c-.2-.2-.4-.3-.7-.3h-11c-.3 0-.5.1-.7.3-.2.2-.3.5-.3.7s.1.5.3.7z\"\/><\/svg><\/span><\/span><\/label><input type=\"checkbox\"  id=\"ez-toc-cssicon-toggle-item-69f4c686d8982\"  aria-label=\"Alternar\" \/><nav><ul class='ez-toc-list ez-toc-list-level-1 ' ><li class='ez-toc-page-1 ez-toc-heading-level-2'><a class=\"ez-toc-link ez-toc-heading-1\" href=\"https:\/\/auxiliadorapredial.com.br\/blog\/guia-completo-de-reforma-para-imovel-comercial\/#Primeiro_passo_em_uma_reforma\" >Primeiro passo em uma reforma<\/a><\/li><li class='ez-toc-page-1 ez-toc-heading-level-2'><a class=\"ez-toc-link ez-toc-heading-2\" href=\"https:\/\/auxiliadorapredial.com.br\/blog\/guia-completo-de-reforma-para-imovel-comercial\/#5_pontos_fortes_de_um_imovel_comercial\" >5 pontos fortes de um im\u00f3vel comercial<\/a><ul class='ez-toc-list-level-3' ><li class='ez-toc-heading-level-3'><a class=\"ez-toc-link ez-toc-heading-3\" href=\"https:\/\/auxiliadorapredial.com.br\/blog\/guia-completo-de-reforma-para-imovel-comercial\/#1_Boa_localizacao\" >1) Boa localiza\u00e7\u00e3o<\/a><\/li><li class='ez-toc-page-1 ez-toc-heading-level-3'><a class=\"ez-toc-link ez-toc-heading-4\" href=\"https:\/\/auxiliadorapredial.com.br\/blog\/guia-completo-de-reforma-para-imovel-comercial\/#2_Atender_as_necessidades_do_seu_publico\" >2) Atender as necessidades do seu p\u00fablico<\/a><\/li><li class='ez-toc-page-1 ez-toc-heading-level-3'><a class=\"ez-toc-link ez-toc-heading-5\" href=\"https:\/\/auxiliadorapredial.com.br\/blog\/guia-completo-de-reforma-para-imovel-comercial\/#3_Acessibilidade\" >3) Acessibilidade<\/a><\/li><li class='ez-toc-page-1 ez-toc-heading-level-3'><a class=\"ez-toc-link ez-toc-heading-6\" href=\"https:\/\/auxiliadorapredial.com.br\/blog\/guia-completo-de-reforma-para-imovel-comercial\/#4_Saiba_onde_esta_pisando\" >4) Saiba onde est\u00e1 pisando!<\/a><\/li><li class='ez-toc-page-1 ez-toc-heading-level-3'><a class=\"ez-toc-link ez-toc-heading-7\" href=\"https:\/\/auxiliadorapredial.com.br\/blog\/guia-completo-de-reforma-para-imovel-comercial\/#5_Garanta_seguranca\" >5) Garanta seguran\u00e7a\u00a0<\/a><\/li><\/ul><\/li><li class='ez-toc-page-1 ez-toc-heading-level-2'><a class=\"ez-toc-link ez-toc-heading-8\" href=\"https:\/\/auxiliadorapredial.com.br\/blog\/guia-completo-de-reforma-para-imovel-comercial\/#Guia_e_dicas_para_reforma_de_loja\" >Guia e dicas para reforma de loja<\/a><ul class='ez-toc-list-level-3' ><li class='ez-toc-heading-level-3'><a class=\"ez-toc-link ez-toc-heading-9\" href=\"https:\/\/auxiliadorapredial.com.br\/blog\/guia-completo-de-reforma-para-imovel-comercial\/#1_Defina_suas_prioridades\" >1) Defina suas prioridades<\/a><\/li><li class='ez-toc-page-1 ez-toc-heading-level-3'><a class=\"ez-toc-link ez-toc-heading-10\" href=\"https:\/\/auxiliadorapredial.com.br\/blog\/guia-completo-de-reforma-para-imovel-comercial\/#2_Elabore_prazos_realistas\" >2) Elabore prazos realistas<\/a><\/li><li class='ez-toc-page-1 ez-toc-heading-level-3'><a class=\"ez-toc-link ez-toc-heading-11\" href=\"https:\/\/auxiliadorapredial.com.br\/blog\/guia-completo-de-reforma-para-imovel-comercial\/#3_Invista_na_decoracao_de_acordo_com_seu_nicho\" >3) Invista na decora\u00e7\u00e3o de acordo com seu nicho<\/a><\/li><li class='ez-toc-page-1 ez-toc-heading-level-3'><a class=\"ez-toc-link ez-toc-heading-12\" href=\"https:\/\/auxiliadorapredial.com.br\/blog\/guia-completo-de-reforma-para-imovel-comercial\/#4_Pense_bem_nas_cores_do_ambiente\" >4) Pense bem nas cores do ambiente<\/a><\/li><li class='ez-toc-page-1 ez-toc-heading-level-3'><a class=\"ez-toc-link ez-toc-heading-13\" href=\"https:\/\/auxiliadorapredial.com.br\/blog\/guia-completo-de-reforma-para-imovel-comercial\/#5_Conte_com_profissionais_de_excelencia\" >5) Conte com profissionais de excel\u00eancia<\/a><\/li><\/ul><\/li><li class='ez-toc-page-1 ez-toc-heading-level-2'><a class=\"ez-toc-link ez-toc-heading-14\" href=\"https:\/\/auxiliadorapredial.com.br\/blog\/guia-completo-de-reforma-para-imovel-comercial\/#Dicas_extras_para_reforma_de_lojas\" >Dicas extras para reforma de lojas<\/a><ul class='ez-toc-list-level-3' ><li class='ez-toc-heading-level-3'><a class=\"ez-toc-link ez-toc-heading-15\" href=\"https:\/\/auxiliadorapredial.com.br\/blog\/guia-completo-de-reforma-para-imovel-comercial\/#Nao_esqueca_da_fachada\" >N\u00e3o esque\u00e7a da fachada<\/a><\/li><li class='ez-toc-page-1 ez-toc-heading-level-3'><a class=\"ez-toc-link ez-toc-heading-16\" href=\"https:\/\/auxiliadorapredial.com.br\/blog\/guia-completo-de-reforma-para-imovel-comercial\/#Invista_na_divulgacao_de_inauguracao\" >Invista na divulga\u00e7\u00e3o de inaugura\u00e7\u00e3o<\/a><\/li><li class='ez-toc-page-1 ez-toc-heading-level-3'><a class=\"ez-toc-link ez-toc-heading-17\" href=\"https:\/\/auxiliadorapredial.com.br\/blog\/guia-completo-de-reforma-para-imovel-comercial\/#Analise_a_concorrencia\" >Analise a concorr\u00eancia<\/a><\/li><\/ul><\/li><\/ul><\/nav><\/div>\n<h2><span class=\"ez-toc-section\" id=\"Primeiro_passo_em_uma_reforma\"><\/span><strong>Primeiro passo em uma reforma<\/strong><span class=\"ez-toc-section-end\"><\/span><\/h2>\n<p><span style=\"font-weight: 400;\">O primeiro passo antes de iniciar qualquer reforma de loja ou im\u00f3vel comercial \u00e9 ter pleno <\/span><b>conhecimento das limita\u00e7\u00f5es.<\/b><\/p>\n<p><span style=\"font-weight: 400;\">Se for, por exemplo, um estabelecimento em um empreendimento mais antigo pode haver alguns<\/span><b> impedimentos <\/b><span style=\"font-weight: 400;\">no que tange a sa\u00fade estrutural do pr\u00e9dio, tornando invi\u00e1vel reformas mais radicais que envolvam quebrar paredes ou mudar muito a planta do im\u00f3vel.\u00a0<\/span><\/p>\n<p><span style=\"font-weight: 400;\">Mas, de todo modo, \u00e9 aconselh\u00e1vel <\/span><b>entrar em contato com a administradora ou imobili\u00e1ria respons\u00e1vel pelo pr\u00e9dio. <\/b><span style=\"font-weight: 400;\">Dessa forma, \u00e9 poss\u00edvel reduzir imprevistos e dores de cabe\u00e7a no futuro.<\/span><\/p>\n<p><span style=\"font-weight: 400;\">No caso de im\u00f3veis alugados, vale tamb\u00e9m entrar em <\/span><b>pleno acordo com o propriet\u00e1rio do espa\u00e7o,<\/b><span style=\"font-weight: 400;\"> redigir contratos e afins.<\/span><\/p>\n<p><strong>Leia tamb\u00e9m:<\/strong><\/p>\n<p><a href=\"https:\/\/www.auxiliadorapredial.com.br\/blog\/6-dicas-de-como-fazer-seu-negocio-crescer-nas-redes-sociais\/\" target=\"_blank\" rel=\"noopener\">6 dicas de como fazer seu neg\u00f3cio crescer nas redes sociais<\/a><\/p>\n<p><a href=\"https:\/\/www.auxiliadorapredial.com.br\/blog\/tudo-o-que-voce-precisa-saber-antes-de-investir-em-imoveis\/\" target=\"_blank\" rel=\"noopener\">Tudo o que voc\u00ea precisa saber antes de investir em im\u00f3veis<\/a><\/p>\n<p><a href=\"https:\/\/www.auxiliadorapredial.com.br\/blog\/6-melhores-bairros-de-caxias-do-sul-para-abrir-uma-empresa\/\" target=\"_blank\" rel=\"noopener\">6 melhores bairros de Caxias do Sul para abrir uma empresa<\/a><\/p>\n<h2><span class=\"ez-toc-section\" id=\"5_pontos_fortes_de_um_imovel_comercial\"><\/span><strong>5 pontos fortes de um im\u00f3vel comercial<\/strong><span class=\"ez-toc-section-end\"><\/span><\/h2>\n<p><span style=\"font-weight: 400;\">Outro ponto que devemos levar em conta antes de colocar a m\u00e3o na massa \u00e9 a <\/span><b>viabilidade do im\u00f3vel <\/b><span style=\"font-weight: 400;\">dentro dos seus objetivos.<\/span><\/p>\n<p><span style=\"font-weight: 400;\">Afinal, nem sempre basta uma reforma para solucionar todos os problemas e alcan\u00e7ar metas de vendas, crescimento, etc.\u00a0<\/span><\/p>\n<p><span style=\"font-weight: 400;\">Por isso, separamos 5 coisas que todo<\/span> <span style=\"font-weight: 400;\">estabelecimento comercial<\/span> <span style=\"font-weight: 400;\">precisa ter para se tornar um bom investimento.\u00a0<\/span><\/p>\n<h3><span class=\"ez-toc-section\" id=\"1_Boa_localizacao\"><\/span><span style=\"font-weight: 400;\">1) Boa localiza\u00e7\u00e3o<\/span><span class=\"ez-toc-section-end\"><\/span><\/h3>\n<p><span style=\"font-weight: 400;\">Um bom im\u00f3vel comercial <\/span><b>precisa estar em uma localiza\u00e7\u00e3o de f\u00e1cil acesso<\/b><span style=\"font-weight: 400;\"> e que colabore com a visibilidade. \u00c1reas centrais, setores mais comerciais da cidade ou bairros mais movimentados s\u00e3o \u00f3timas op\u00e7\u00f5es.<\/span><\/p>\n<p><span style=\"font-weight: 400;\">Leve em conta a praticidade de chegar via <\/span><b>m\u00faltiplos transportes,<\/b><span style=\"font-weight: 400;\"> ou seja, pr\u00f3ximo de pontos de \u00f4nibus, esta\u00e7\u00f5es de metr\u00f4, dispor de estacionamento pr\u00f3prio e afins.\u00a0<\/span><\/p>\n<h3><span class=\"ez-toc-section\" id=\"2_Atender_as_necessidades_do_seu_publico\"><\/span><span style=\"font-weight: 400;\">2) Atender as necessidades do seu p\u00fablico<\/span><span class=\"ez-toc-section-end\"><\/span><\/h3>\n<p><span style=\"font-weight: 400;\">O objetivo de qualquer empresa \u00e9 sempre gerar satisfa\u00e7\u00e3o de seus clientes. No momento de escolher o<\/span><b> im\u00f3vel comercial para reformar<\/b><span style=\"font-weight: 400;\"> n\u00e3o \u00e9 diferente.\u00a0<\/span><\/p>\n<p><span style=\"font-weight: 400;\">Levar em considera\u00e7\u00e3o as necessidades do seu p\u00fablico \u00e9 essencial para isso.\u00a0<\/span><\/p>\n<ul>\n<li style=\"font-weight: 400;\" aria-level=\"1\"><span style=\"font-weight: 400;\">Qual a faixa et\u00e1ria da maioria dos seus clientes?<\/span><\/li>\n<li style=\"font-weight: 400;\" aria-level=\"1\"><span style=\"font-weight: 400;\">Tendo como base o nicho em que voc\u00ea atua, qual o <strong>t<\/strong><\/span><b>empo m\u00e9dio em que os clientes passar\u00e3o em sua empresa?<\/b><span style=\"font-weight: 400;\">\u00a0<\/span><\/li>\n<li style=\"font-weight: 400;\" aria-level=\"1\"><span style=\"font-weight: 400;\">Costumam estar sozinhos ou acompanhados de filhos\/crian\u00e7as?\u00a0<\/span><\/li>\n<\/ul>\n<p><span style=\"font-weight: 400;\">Perguntas como essas ajudar\u00e3o a tra\u00e7ar diretrizes importantes para criar um ambiente <\/span><b>confort\u00e1vel e acolhedor<\/b><span style=\"font-weight: 400;\"> para todos.\u00a0<\/span><\/p>\n<figure id=\"attachment_9972\" aria-describedby=\"caption-attachment-9972\" style=\"width: 640px\" class=\"wp-caption aligncenter\"><img fetchpriority=\"high\" decoding=\"async\" class=\"wp-image-9972 size-full\" src=\"https:\/\/www.auxiliadorapredial.com.br\/blog\/wp-content\/uploads\/imovel-comercial-2.jpg\" alt=\"Guia completo de reforma para im\u00f3vel comercial\" width=\"640\" height=\"427\" srcset=\"https:\/\/auxiliadorapredial.com.br\/blog\/wp-content\/uploads\/imovel-comercial-2.jpg 640w, https:\/\/auxiliadorapredial.com.br\/blog\/wp-content\/uploads\/imovel-comercial-2-300x200.jpg 300w\" sizes=\"(max-width: 640px) 100vw, 640px\" \/><figcaption id=\"caption-attachment-9972\" class=\"wp-caption-text\">Pense no espa\u00e7o que seus clientes v\u00e3o se sentir bem, \u00e0 vontade e encantados pela sua loja<\/figcaption><\/figure>\n<h3><span class=\"ez-toc-section\" id=\"3_Acessibilidade\"><\/span><span style=\"font-weight: 400;\">3) Acessibilidade<\/span><span class=\"ez-toc-section-end\"><\/span><\/h3>\n<p><span style=\"font-weight: 400;\">Espa\u00e7o confort\u00e1vel \u00e9 tamb\u00e9m sin\u00f4nimo de espa\u00e7o acess\u00edvel. Investir em acessibilidade \u00e9, al\u00e9m de lei, ponto b\u00e1sico para<\/span><b> colaborar com uma sociedade mais justa e inclusiva.\u00a0<\/b><\/p>\n<p><span style=\"font-weight: 400;\">Rampas de acesso e banheiros pensados exclusivamente para pessoas com defici\u00eancia f\u00edsica, por exemplo, s\u00e3o a\u00e7\u00f5es b\u00e1sicas que precisam estar presentes no estabelecimento.\u00a0<\/span><\/p>\n<h3><span class=\"ez-toc-section\" id=\"4_Saiba_onde_esta_pisando\"><\/span><span style=\"font-weight: 400;\">4) Saiba onde est\u00e1 pisando!<\/span><span class=\"ez-toc-section-end\"><\/span><\/h3>\n<p><span style=\"font-weight: 400;\">Al\u00e9m de uma boa localiza\u00e7\u00e3o, \u00e9 preciso pensar a longo prazo, nos seus planos para a empresa. Como todo empres\u00e1rio, o objetivo \u00e9 crescer sempre mais, certo? Por isso, busque por <\/span><b>regi\u00f5es em potencial crescimento.\u00a0<\/b><\/p>\n<p><span style=\"font-weight: 400;\">Isso al\u00e9m de valorizar ainda mais a sua empresa, permite estar sempre com um leque de novas oportunidades em m\u00e3os.\u00a0<\/span><\/p>\n<p><span style=\"font-weight: 400;\">Portanto, saiba onde est\u00e1 pisando, ou melhor, trabalhando! Pesquise sobre a regi\u00e3o, veja se h\u00e1 planos futuros tanto em termos de investimento p\u00fablico, quanto privado.\u00a0<\/span><\/p>\n<p><span style=\"font-weight: 400;\">Avalie tamb\u00e9m a<\/span><b> percep\u00e7\u00e3o das pessoas diante da regi\u00e3o escolhida,<\/b><span style=\"font-weight: 400;\"> se acham um espa\u00e7o atrativo, se n\u00e3o possuem boas experi\u00eancias locais, etc.\u00a0<\/span><\/p>\n<h3><span class=\"ez-toc-section\" id=\"5_Garanta_seguranca\"><\/span><span style=\"font-weight: 400;\">5) Garanta seguran\u00e7a\u00a0<\/span><span class=\"ez-toc-section-end\"><\/span><\/h3>\n<p><span style=\"font-weight: 400;\">Por fim, mas t\u00e3o importante como os outros pontos j\u00e1 citados, garanta a <\/span><b>seguran\u00e7a do im\u00f3vel!<\/b><\/p>\n<p><span style=\"font-weight: 400;\">Tanto para voc\u00ea, seus colaboradores, como para que os clientes se sintam seguros.\u00a0<\/span><\/p>\n<p><span style=\"font-weight: 400;\">Invista em equipamentos de monitoramento e avalie bem os \u00edndices de viol\u00eancia da vizinhan\u00e7a antes de tomar qualquer decis\u00e3o.\u00a0<\/span><\/p>\n<h2><span class=\"ez-toc-section\" id=\"Guia_e_dicas_para_reforma_de_loja\"><\/span><strong>Guia e dicas para reforma de loja<\/strong><span class=\"ez-toc-section-end\"><\/span><\/h2>\n<h3><span class=\"ez-toc-section\" id=\"1_Defina_suas_prioridades\"><\/span><span style=\"font-weight: 400;\">1) Defina suas prioridades<\/span><span class=\"ez-toc-section-end\"><\/span><\/h3>\n<p><span style=\"font-weight: 400;\">O ponto chave de qualquer reforma \u00e9<\/span><b> estabelecer prioridades,<\/b><span style=\"font-weight: 400;\"> isso ajuda a destinar melhor os investimentos e reduzir significativamente gastos desnecess\u00e1rios.\u00a0<\/span><\/p>\n<p><span style=\"font-weight: 400;\">Portanto, tenha em mente: qual o seu objetivo com essa reforma? Qual resultado espera alcan\u00e7ar?<\/span><\/p>\n<p><span style=\"font-weight: 400;\">Se deseja priorizar o conforto, n\u00e3o deixe de investir em m\u00f3veis e itens de decora\u00e7\u00e3o que trazem essa sensa\u00e7\u00e3o. J\u00e1 se a prioridade \u00e9 desenvolver um escrit\u00f3rio moderno e que reflita em tend\u00eancias, mergulhe em <\/span><b>refer\u00eancias de design de interiores e conte com profissionais especialistas.<\/b><\/p>\n<p><span style=\"font-weight: 400;\">O importante \u00e9 entender que a ideia de \u201cter de tudo um pouco\u201d n\u00e3o funciona, \u00e9 preciso<\/span><b> foco e estrat\u00e9gias comerciais bem definidas.\u00a0<\/b><\/p>\n<h3><span class=\"ez-toc-section\" id=\"2_Elabore_prazos_realistas\"><\/span><span style=\"font-weight: 400;\">2) Elabore prazos realistas<\/span><span class=\"ez-toc-section-end\"><\/span><\/h3>\n<p><span style=\"font-weight: 400;\">Onde tem reforma, tem<\/span><b> prazo de execu\u00e7\u00e3o. <\/b><span style=\"font-weight: 400;\">Muitas vezes, realizar uma obra, independente de sua magnitude, pode gerar estresse e frustra\u00e7\u00e3o.\u00a0<\/span><\/p>\n<p><span style=\"font-weight: 400;\">Isso quase sempre est\u00e1 diretamente ligado a um planejamento irreal com prazos imposs\u00edveis de serem alcan\u00e7ados.\u00a0<\/span><\/p>\n<p><span style=\"font-weight: 400;\">Sendo assim, \u00e9 fundamental que a sua reforma do seu im\u00f3vel comercial conte com<\/span><b> prazos realistas. <\/b><span style=\"font-weight: 400;\">Infelizmente \u00e9 imposs\u00edvel que tudo fique pronto de um dia para o outro, afinal, uma reforma depende de v\u00e1rias etapas, desde a compra de materiais at\u00e9 a execu\u00e7\u00e3o.\u00a0<\/span><\/p>\n<p><span style=\"font-weight: 400;\">Uma boa sa\u00edda \u00e9 conversar com os profissionais envolvidos no projeto e definir em conjunto as datas de entrega. Ah, mas lembre-se: imprevistos acontecem! Ent\u00e3o deixe sempre um respiro de um ou dois dias no cronograma.\u00a0<\/span><\/p>\n<p><span style=\"font-weight: 400;\">Um cronograma semanal tamb\u00e9m pode funcionar, definindo a cada dia\/semana pequenas metas a serem atingidas. Por exemplo:<\/span><\/p>\n<table>\n<tbody>\n<tr>\n<td><b>Semana 1<\/b><\/td>\n<td><span style=\"font-weight: 400;\">Troca dos pisos<\/span><\/td>\n<\/tr>\n<tr>\n<td><b>Semana 2<\/b><\/td>\n<td><span style=\"font-weight: 400;\">Pintura dos ambientes<\/span><\/td>\n<\/tr>\n<tr>\n<td><b>Semana 3<\/b><\/td>\n<td><span style=\"font-weight: 400;\">Instala\u00e7\u00e3o de equipamentos<\/span><\/td>\n<\/tr>\n<\/tbody>\n<\/table>\n<p><span style=\"font-weight: 400;\">Assim, voc\u00ea consegue ter uma vis\u00e3o melhor do andamento da reforma e tem a gratificante sensa\u00e7\u00e3o de tarefas conclu\u00eddas. Isso tende a ser um \u00f3timo <\/span><b>aliado para lidar com a expectativa<\/b><span style=\"font-weight: 400;\"> de ver tudo pronto de forma r\u00e1pida.\u00a0<\/span><\/p>\n<h3><span class=\"ez-toc-section\" id=\"3_Invista_na_decoracao_de_acordo_com_seu_nicho\"><\/span><span style=\"font-weight: 400;\">3) Invista na decora\u00e7\u00e3o de acordo com seu nicho<\/span><span class=\"ez-toc-section-end\"><\/span><\/h3>\n<p><span style=\"font-weight: 400;\">A alma de qualquer ambiente \u00e9, sem d\u00favidas, a decora\u00e7\u00e3o. Para pensar nos itens e modelos ideias, <\/span><b>pense em seu nicho de mercado.\u00a0<\/b><\/p>\n<p><span style=\"font-weight: 400;\">Cl\u00ednicas de sa\u00fade, por exemplo, sempre investem em cores e itens mais neutros, claros, que d\u00e3o a sensa\u00e7\u00e3o de<\/span><b> paz e limpeza.\u00a0<\/b><\/p>\n<p><span style=\"font-weight: 400;\">J\u00e1 escrit\u00f3rios de advocacia buscam mais seriedade e soberania com espa\u00e7os mais s\u00f3brios. Al\u00e9m de itens que chamam a aten\u00e7\u00e3o pela eleg\u00e2ncia como sof\u00e1s de couro, poltronas aveludadas, cristaleiras e afins.\u00a0<\/span><\/p>\n<h3><span class=\"ez-toc-section\" id=\"4_Pense_bem_nas_cores_do_ambiente\"><\/span><span style=\"font-weight: 400;\">4) Pense bem nas cores do ambiente<\/span><span class=\"ez-toc-section-end\"><\/span><\/h3>\n<p><span style=\"font-weight: 400;\">Parte importante de uma decora\u00e7\u00e3o s\u00e3o as cores escolhidas para cada ambiente, tanto para harmonizar, quanto para refor\u00e7ar as sensa\u00e7\u00f5es que desejam expressar.\u00a0<\/span><\/p>\n<p><b>Cada cor colabora para um tipo de sentimento. <\/b><span style=\"font-weight: 400;\">Espa\u00e7os mais alegres e agitados, optam por tons quentes como laranja, vermelho e amarelo.\u00a0<\/span><\/p>\n<p><span style=\"font-weight: 400;\">J\u00e1 ambientes mais calmos, tranquilos e silenciosos, combinam mais com bege, azul e alguns tons de verde.\u00a0<\/span><\/p>\n<p><span style=\"font-weight: 400;\">Encontre a<\/span><b> paleta ideal para a sensa\u00e7\u00e3o que voc\u00ea deseja passar aos seus clientes, <\/b><span style=\"font-weight: 400;\">busque inspira\u00e7\u00e3o em outros estabelecimentos e conte com profissionais do assunto.\u00a0<\/span><\/p>\n<h3><span class=\"ez-toc-section\" id=\"5_Conte_com_profissionais_de_excelencia\"><\/span><span style=\"font-weight: 400;\">5) Conte com profissionais de excel\u00eancia<\/span><span class=\"ez-toc-section-end\"><\/span><\/h3>\n<p><span style=\"font-weight: 400;\">Falando em profissionais\u2026se o seu objetivo \u00e9, acima de tudo, ter um resultado de excel\u00eancia, \u00e9 fundamental ter o apoio de quem entende. A m\u00e3o de obra \u00e9 t\u00e3o importante quanto a qualidade dos m\u00f3veis e materiais escolhidos para a reforma.\u00a0<\/span><\/p>\n<p><span style=\"font-weight: 400;\">\u00c9 preciso<\/span><b> contratar profissionais de confian\u00e7a<\/b><span style=\"font-weight: 400;\"> e que consigam tirar do papel as ideias com o mesmo cuidado com que foram pensadas.\u00a0<\/span><\/p>\n<p><span style=\"font-weight: 400;\">Pesquise bem sobre a empresa que deseja contratar, fale com quem j\u00e1 contratou esses servi\u00e7os, investigue avalia\u00e7\u00f5es em sites como <\/span><b>Google e <a href=\"https:\/\/www.reclameaqui.com.br\/\" target=\"_blank\" rel=\"noopener\">Reclame Aqui<\/a>.<\/b><\/p>\n<p><span style=\"font-weight: 400;\">Garantir a credibilidade antes de dar in\u00edcio ao servi\u00e7o \u00e9 um esfor\u00e7o que vale a pena para evitar surpresas e preju\u00edzos no futuro.\u00a0<\/span><\/p>\n<figure id=\"attachment_10147\" aria-describedby=\"caption-attachment-10147\" style=\"width: 640px\" class=\"wp-caption aligncenter\"><img decoding=\"async\" class=\"wp-image-10147 size-full\" src=\"https:\/\/www.auxiliadorapredial.com.br\/blog\/wp-content\/uploads\/imovel-comercial-3-1.jpg\" alt=\"Guia completo de reforma para im\u00f3vel comercial\" width=\"640\" height=\"426\" srcset=\"https:\/\/auxiliadorapredial.com.br\/blog\/wp-content\/uploads\/imovel-comercial-3-1.jpg 640w, https:\/\/auxiliadorapredial.com.br\/blog\/wp-content\/uploads\/imovel-comercial-3-1-300x200.jpg 300w\" sizes=\"(max-width: 640px) 100vw, 640px\" \/><figcaption id=\"caption-attachment-10147\" class=\"wp-caption-text\">Um im\u00f3vel comercial renovado, seguindo as dicas certas, \u00e9 o caminho para a ascens\u00e3o de vendas<\/figcaption><\/figure>\n<h2><span class=\"ez-toc-section\" id=\"Dicas_extras_para_reforma_de_lojas\"><\/span><strong>Dicas extras para reforma de lojas<\/strong><span class=\"ez-toc-section-end\"><\/span><\/h2>\n<h3><span class=\"ez-toc-section\" id=\"Nao_esqueca_da_fachada\"><\/span><span style=\"font-weight: 400;\">N\u00e3o esque\u00e7a da fachada<\/span><span class=\"ez-toc-section-end\"><\/span><\/h3>\n<p><span style=\"font-weight: 400;\">Dar uma cara nova a um im\u00f3vel comercial envolve tamb\u00e9m uma boa reforma de fachada. Afinal, \u00e9 ela que servir\u00e1 como<\/span><b> cart\u00e3o de visitas para quem ver de longe<\/b><span style=\"font-weight: 400;\"> ou entrar na loja\/empresa pela primeira vez.\u00a0<\/span><\/p>\n<p><span style=\"font-weight: 400;\">Pense em cores atrativas e invista em uma identidade visual para a sua marca e fachada, conte com a ajuda de profissionais de marketing e publicidade para isso.\u00a0<\/span><\/p>\n<p><span style=\"font-weight: 400;\">Com eles ser\u00e1 poss\u00edvel desenvolver um logo, a paleta de cores mais adequada para o seu tipo de segmento e detalhes que ajudar\u00e3o o consumidor a fixar a sua marca na mente, facilitando a jornada de compra.\u00a0<\/span><\/p>\n<h3><span class=\"ez-toc-section\" id=\"Invista_na_divulgacao_de_inauguracao\"><\/span><span style=\"font-weight: 400;\">Invista na divulga\u00e7\u00e3o de inaugura\u00e7\u00e3o<\/span><span class=\"ez-toc-section-end\"><\/span><\/h3>\n<p><b>Quem n\u00e3o \u00e9 visto n\u00e3o \u00e9 lembrado. <\/b><span style=\"font-weight: 400;\">Por isso, investir em estrat\u00e9gias de divulga\u00e7\u00e3o para uma poss\u00edvel inaugura\u00e7\u00e3o \u00e9 fundamental. Use as redes sociais ao seu favor, postando v\u00eddeos e fotos das novidades que est\u00e3o por vir.\u00a0<\/span><\/p>\n<p><span style=\"font-weight: 400;\">Vale tamb\u00e9m fazer parceria com influenciadores da sua regi\u00e3o para promoverem a divulga\u00e7\u00e3o.<\/span><\/p>\n<p><span style=\"font-weight: 400;\">Elabore tamb\u00e9m promo\u00e7\u00f5es e oportunidades diferenciadas para os primeiros clientes a irem prestigiar a novidade.\u00a0<\/span><\/p>\n<h3><\/h3>\n<h3><span class=\"ez-toc-section\" id=\"Analise_a_concorrencia\"><\/span><span style=\"font-weight: 400;\">Analise a concorr\u00eancia<\/span><span class=\"ez-toc-section-end\"><\/span><\/h3>\n<p><span style=\"font-weight: 400;\">Por fim, esteja sempre de olho na concorr\u00eancia! Especialmente em mercados com alta demanda como o varejo. Veja o que a concorr\u00eancia tem feito, quais oportunidades tem oferecido aos clientes, \u00e9 a partir da\u00ed que voc\u00ea consegue <\/span><b>tra\u00e7ar chances de destacar a sua loja\/empresa.\u00a0<\/b><\/p>\n<p><span style=\"font-weight: 400;\">Vale tamb\u00e9m observar as <\/span><b>tend\u00eancias <\/b><span style=\"font-weight: 400;\">que outras empresas utilizam em seus espa\u00e7os comerciais e como tem sido a ades\u00e3o e satisfa\u00e7\u00e3o do p\u00fablico diante disso.<\/span><\/p>\n<p><span style=\"font-weight: 400;\">Vivemos na era das redes sociais, dentre elas o Instagram. Manter <\/span><b>espa\u00e7os \u201cinstagram\u00e1veis\u201d,<\/b><span style=\"font-weight: 400;\"> como a pr\u00f3pria fachada, por exemplo,<\/span> <span style=\"font-weight: 400;\">pode ser a chance de chamar p\u00fablico e concretizar uma boa visibilidade diante dos demais atuantes no nicho.\u00a0<\/span><\/p>\n<p><b>E a\u00ed, pronto para colocar as ideias no papel e a m\u00e3o na massa?<\/b><\/p>\n<p><span style=\"font-weight: 400;\">Ao decidir reformar um im\u00f3vel comercial, essas dicas podem ajud\u00e1-lo a definir os passos e n\u00e3o estourar seu or\u00e7amento. Fique atento \u00e0 documenta\u00e7\u00e3o exigida pela prefeitura para realizar a reforma e mantenha contratos claros com o propriet\u00e1rio do im\u00f3vel, no caso de ser alugado.\u00a0<\/span><\/p>\n","protected":false},"excerpt":{"rendered":"<p>Passo a passo e dicas de ouro para fazer a reforma do seu im\u00f3vel comercial e transformar o jeito com que os clientes visualizam a sua loja<\/p>\n","protected":false},"author":8,"featured_media":12134,"comment_status":"open","ping_status":"open","sticky":false,"template":"","format":"standard","meta":{"footnotes":""},"categories":[687],"tags":[536,415,538,537,539],"class_list":["post-9970","post","type-post","status-publish","format-standard","has-post-thumbnail","hentry","category-meu-negocio","tag-dicas-de-reforma-de-loja","tag-imovel-comercial","tag-reforma-de-imovel-comercial","tag-reforma-de-loja","tag-reforma-fachada"],"yoast_head":"<!-- This site is optimized with the Yoast SEO plugin v27.3 - https:\/\/yoast.com\/product\/yoast-seo-wordpress\/ -->\n<title>Guia completo de reforma para im\u00f3vel comercial<\/title>\n<meta name=\"description\" content=\"Passo a passo e dicas de ouro para fazer a reforma do seu im\u00f3vel comercial e transformar o jeito com que os clientes visualizam a sua loja\" \/>\n<meta name=\"robots\" content=\"index, follow, max-snippet:-1, max-image-preview:large, max-video-preview:-1\" \/>\n<link rel=\"canonical\" href=\"https:\/\/www.auxiliadorapredial.com.br\/blog\/guia-completo-de-reforma-para-imovel-comercial\/\" \/>\n<meta property=\"og:locale\" content=\"pt_BR\" \/>\n<meta property=\"og:type\" content=\"article\" \/>\n<meta property=\"og:title\" content=\"Guia completo de reforma para im\u00f3vel comercial\" \/>\n<meta property=\"og:description\" content=\"Passo a passo e dicas de ouro para fazer a reforma do seu im\u00f3vel comercial e transformar o jeito com que os clientes visualizam a sua loja\" \/>\n<meta property=\"og:url\" content=\"https:\/\/www.auxiliadorapredial.com.br\/blog\/guia-completo-de-reforma-para-imovel-comercial\/\" \/>\n<meta property=\"og:site_name\" content=\"Blog da Auxiliadora Predial - Tudo sobre im\u00f3veis e condom\u00ednios\" \/>\n<meta property=\"article:published_time\" content=\"2022-10-17T14:57:36+00:00\" \/>\n<meta property=\"article:modified_time\" content=\"2024-03-26T17:02:13+00:00\" \/>\n<meta property=\"og:image\" content=\"https:\/\/www.auxiliadorapredial.com.br\/blog\/wp-content\/uploads\/imovel-comercial.webp\" \/>\n\t<meta property=\"og:image:width\" content=\"600\" \/>\n\t<meta property=\"og:image:height\" content=\"398\" \/>\n\t<meta property=\"og:image:type\" content=\"image\/webp\" \/>\n<meta name=\"author\" content=\"Auxiliadora Predial\" \/>\n<meta name=\"twitter:card\" content=\"summary_large_image\" \/>\n<meta name=\"twitter:label1\" content=\"Escrito por\" \/>\n\t<meta name=\"twitter:data1\" content=\"Auxiliadora Predial\" \/>\n\t<meta name=\"twitter:label2\" content=\"Est. tempo de leitura\" \/>\n\t<meta name=\"twitter:data2\" content=\"10 minutos\" \/>\n<script type=\"application\/ld+json\" class=\"yoast-schema-graph\">{\"@context\":\"https:\\\/\\\/schema.org\",\"@graph\":[{\"@type\":\"Article\",\"@id\":\"https:\\\/\\\/www.auxiliadorapredial.com.br\\\/blog\\\/guia-completo-de-reforma-para-imovel-comercial\\\/#article\",\"isPartOf\":{\"@id\":\"https:\\\/\\\/www.auxiliadorapredial.com.br\\\/blog\\\/guia-completo-de-reforma-para-imovel-comercial\\\/\"},\"author\":{\"name\":\"Auxiliadora Predial\",\"@id\":\"https:\\\/\\\/www.auxiliadorapredial.com.br\\\/blog\\\/#\\\/schema\\\/person\\\/6f18fc59c4e49f77084c0b79db558b94\"},\"headline\":\"Guia completo de reforma para im\u00f3vel comercial\",\"datePublished\":\"2022-10-17T14:57:36+00:00\",\"dateModified\":\"2024-03-26T17:02:13+00:00\",\"mainEntityOfPage\":{\"@id\":\"https:\\\/\\\/www.auxiliadorapredial.com.br\\\/blog\\\/guia-completo-de-reforma-para-imovel-comercial\\\/\"},\"wordCount\":1859,\"commentCount\":0,\"image\":{\"@id\":\"https:\\\/\\\/www.auxiliadorapredial.com.br\\\/blog\\\/guia-completo-de-reforma-para-imovel-comercial\\\/#primaryimage\"},\"thumbnailUrl\":\"https:\\\/\\\/auxiliadorapredial.com.br\\\/blog\\\/wp-content\\\/uploads\\\/imovel-comercial.webp\",\"keywords\":[\"dicas de reforma de loja\",\"im\u00f3vel comercial\",\"reforma de im\u00f3vel comercial\",\"reforma de loja\",\"reforma fachada\"],\"articleSection\":[\"Meu Neg\u00f3cio\"],\"inLanguage\":\"pt-BR\",\"potentialAction\":[{\"@type\":\"CommentAction\",\"name\":\"Comment\",\"target\":[\"https:\\\/\\\/www.auxiliadorapredial.com.br\\\/blog\\\/guia-completo-de-reforma-para-imovel-comercial\\\/#respond\"]}]},{\"@type\":\"WebPage\",\"@id\":\"https:\\\/\\\/www.auxiliadorapredial.com.br\\\/blog\\\/guia-completo-de-reforma-para-imovel-comercial\\\/\",\"url\":\"https:\\\/\\\/www.auxiliadorapredial.com.br\\\/blog\\\/guia-completo-de-reforma-para-imovel-comercial\\\/\",\"name\":\"Guia completo de reforma para im\u00f3vel comercial\",\"isPartOf\":{\"@id\":\"https:\\\/\\\/www.auxiliadorapredial.com.br\\\/blog\\\/#website\"},\"primaryImageOfPage\":{\"@id\":\"https:\\\/\\\/www.auxiliadorapredial.com.br\\\/blog\\\/guia-completo-de-reforma-para-imovel-comercial\\\/#primaryimage\"},\"image\":{\"@id\":\"https:\\\/\\\/www.auxiliadorapredial.com.br\\\/blog\\\/guia-completo-de-reforma-para-imovel-comercial\\\/#primaryimage\"},\"thumbnailUrl\":\"https:\\\/\\\/auxiliadorapredial.com.br\\\/blog\\\/wp-content\\\/uploads\\\/imovel-comercial.webp\",\"datePublished\":\"2022-10-17T14:57:36+00:00\",\"dateModified\":\"2024-03-26T17:02:13+00:00\",\"author\":{\"@id\":\"https:\\\/\\\/www.auxiliadorapredial.com.br\\\/blog\\\/#\\\/schema\\\/person\\\/6f18fc59c4e49f77084c0b79db558b94\"},\"description\":\"Passo a passo e dicas de ouro para fazer a reforma do seu im\u00f3vel comercial e transformar o jeito com que os clientes visualizam a sua loja\",\"inLanguage\":\"pt-BR\",\"potentialAction\":[{\"@type\":\"ReadAction\",\"target\":[\"https:\\\/\\\/www.auxiliadorapredial.com.br\\\/blog\\\/guia-completo-de-reforma-para-imovel-comercial\\\/\"]}]},{\"@type\":\"ImageObject\",\"inLanguage\":\"pt-BR\",\"@id\":\"https:\\\/\\\/www.auxiliadorapredial.com.br\\\/blog\\\/guia-completo-de-reforma-para-imovel-comercial\\\/#primaryimage\",\"url\":\"https:\\\/\\\/auxiliadorapredial.com.br\\\/blog\\\/wp-content\\\/uploads\\\/imovel-comercial.webp\",\"contentUrl\":\"https:\\\/\\\/auxiliadorapredial.com.br\\\/blog\\\/wp-content\\\/uploads\\\/imovel-comercial.webp\",\"width\":600,\"height\":398,\"caption\":\"Guia completo de reforma para im\u00f3vel comercial\"},{\"@type\":\"WebSite\",\"@id\":\"https:\\\/\\\/www.auxiliadorapredial.com.br\\\/blog\\\/#website\",\"url\":\"https:\\\/\\\/www.auxiliadorapredial.com.br\\\/blog\\\/\",\"name\":\"Blog da Auxiliadora Predial - Tudo sobre im\u00f3veis e condom\u00ednios\",\"description\":\"Dicas da Auxiliadora Predial sobre aluguel, compra e venda de im\u00f3veis, al\u00e9m de condom\u00ednios. Imobili\u00e1ria em Porto Alegre e interior do RS, Santa Catarina e S\u00e3o Paulo.\",\"potentialAction\":[{\"@type\":\"SearchAction\",\"target\":{\"@type\":\"EntryPoint\",\"urlTemplate\":\"https:\\\/\\\/www.auxiliadorapredial.com.br\\\/blog\\\/?s={search_term_string}\"},\"query-input\":{\"@type\":\"PropertyValueSpecification\",\"valueRequired\":true,\"valueName\":\"search_term_string\"}}],\"inLanguage\":\"pt-BR\"},{\"@type\":\"Person\",\"@id\":\"https:\\\/\\\/www.auxiliadorapredial.com.br\\\/blog\\\/#\\\/schema\\\/person\\\/6f18fc59c4e49f77084c0b79db558b94\",\"name\":\"Auxiliadora Predial\",\"image\":{\"@type\":\"ImageObject\",\"inLanguage\":\"pt-BR\",\"@id\":\"https:\\\/\\\/secure.gravatar.com\\\/avatar\\\/35e2e024be01cb7ad8d58228a0e85f870bdc4fcffc251c71ad386ea38ee05234?s=96&d=mm&r=g\",\"url\":\"https:\\\/\\\/secure.gravatar.com\\\/avatar\\\/35e2e024be01cb7ad8d58228a0e85f870bdc4fcffc251c71ad386ea38ee05234?s=96&d=mm&r=g\",\"contentUrl\":\"https:\\\/\\\/secure.gravatar.com\\\/avatar\\\/35e2e024be01cb7ad8d58228a0e85f870bdc4fcffc251c71ad386ea38ee05234?s=96&d=mm&r=g\",\"caption\":\"Auxiliadora Predial\"},\"sameAs\":[\"https:\\\/\\\/www.auxiliadorapredial.com.br\\\/\"]}]}<\/script>\n<!-- \/ Yoast SEO plugin. -->","yoast_head_json":{"title":"Guia completo de reforma para im\u00f3vel comercial","description":"Passo a passo e dicas de ouro para fazer a reforma do seu im\u00f3vel comercial e transformar o jeito com que os clientes visualizam a sua loja","robots":{"index":"index","follow":"follow","max-snippet":"max-snippet:-1","max-image-preview":"max-image-preview:large","max-video-preview":"max-video-preview:-1"},"canonical":"https:\/\/www.auxiliadorapredial.com.br\/blog\/guia-completo-de-reforma-para-imovel-comercial\/","og_locale":"pt_BR","og_type":"article","og_title":"Guia completo de reforma para im\u00f3vel comercial","og_description":"Passo a passo e dicas de ouro para fazer a reforma do seu im\u00f3vel comercial e transformar o jeito com que os clientes visualizam a sua loja","og_url":"https:\/\/www.auxiliadorapredial.com.br\/blog\/guia-completo-de-reforma-para-imovel-comercial\/","og_site_name":"Blog da Auxiliadora Predial - Tudo sobre im\u00f3veis e condom\u00ednios","article_published_time":"2022-10-17T14:57:36+00:00","article_modified_time":"2024-03-26T17:02:13+00:00","og_image":[{"width":600,"height":398,"url":"https:\/\/www.auxiliadorapredial.com.br\/blog\/wp-content\/uploads\/imovel-comercial.webp","type":"image\/webp"}],"author":"Auxiliadora Predial","twitter_card":"summary_large_image","twitter_misc":{"Escrito por":"Auxiliadora Predial","Est. tempo de leitura":"10 minutos"},"schema":{"@context":"https:\/\/schema.org","@graph":[{"@type":"Article","@id":"https:\/\/www.auxiliadorapredial.com.br\/blog\/guia-completo-de-reforma-para-imovel-comercial\/#article","isPartOf":{"@id":"https:\/\/www.auxiliadorapredial.com.br\/blog\/guia-completo-de-reforma-para-imovel-comercial\/"},"author":{"name":"Auxiliadora Predial","@id":"https:\/\/www.auxiliadorapredial.com.br\/blog\/#\/schema\/person\/6f18fc59c4e49f77084c0b79db558b94"},"headline":"Guia completo de reforma para im\u00f3vel comercial","datePublished":"2022-10-17T14:57:36+00:00","dateModified":"2024-03-26T17:02:13+00:00","mainEntityOfPage":{"@id":"https:\/\/www.auxiliadorapredial.com.br\/blog\/guia-completo-de-reforma-para-imovel-comercial\/"},"wordCount":1859,"commentCount":0,"image":{"@id":"https:\/\/www.auxiliadorapredial.com.br\/blog\/guia-completo-de-reforma-para-imovel-comercial\/#primaryimage"},"thumbnailUrl":"https:\/\/auxiliadorapredial.com.br\/blog\/wp-content\/uploads\/imovel-comercial.webp","keywords":["dicas de reforma de loja","im\u00f3vel comercial","reforma de im\u00f3vel comercial","reforma de loja","reforma fachada"],"articleSection":["Meu Neg\u00f3cio"],"inLanguage":"pt-BR","potentialAction":[{"@type":"CommentAction","name":"Comment","target":["https:\/\/www.auxiliadorapredial.com.br\/blog\/guia-completo-de-reforma-para-imovel-comercial\/#respond"]}]},{"@type":"WebPage","@id":"https:\/\/www.auxiliadorapredial.com.br\/blog\/guia-completo-de-reforma-para-imovel-comercial\/","url":"https:\/\/www.auxiliadorapredial.com.br\/blog\/guia-completo-de-reforma-para-imovel-comercial\/","name":"Guia completo de reforma para im\u00f3vel comercial","isPartOf":{"@id":"https:\/\/www.auxiliadorapredial.com.br\/blog\/#website"},"primaryImageOfPage":{"@id":"https:\/\/www.auxiliadorapredial.com.br\/blog\/guia-completo-de-reforma-para-imovel-comercial\/#primaryimage"},"image":{"@id":"https:\/\/www.auxiliadorapredial.com.br\/blog\/guia-completo-de-reforma-para-imovel-comercial\/#primaryimage"},"thumbnailUrl":"https:\/\/auxiliadorapredial.com.br\/blog\/wp-content\/uploads\/imovel-comercial.webp","datePublished":"2022-10-17T14:57:36+00:00","dateModified":"2024-03-26T17:02:13+00:00","author":{"@id":"https:\/\/www.auxiliadorapredial.com.br\/blog\/#\/schema\/person\/6f18fc59c4e49f77084c0b79db558b94"},"description":"Passo a passo e dicas de ouro para fazer a reforma do seu im\u00f3vel comercial e transformar o jeito com que os clientes visualizam a sua loja","inLanguage":"pt-BR","potentialAction":[{"@type":"ReadAction","target":["https:\/\/www.auxiliadorapredial.com.br\/blog\/guia-completo-de-reforma-para-imovel-comercial\/"]}]},{"@type":"ImageObject","inLanguage":"pt-BR","@id":"https:\/\/www.auxiliadorapredial.com.br\/blog\/guia-completo-de-reforma-para-imovel-comercial\/#primaryimage","url":"https:\/\/auxiliadorapredial.com.br\/blog\/wp-content\/uploads\/imovel-comercial.webp","contentUrl":"https:\/\/auxiliadorapredial.com.br\/blog\/wp-content\/uploads\/imovel-comercial.webp","width":600,"height":398,"caption":"Guia completo de reforma para im\u00f3vel comercial"},{"@type":"WebSite","@id":"https:\/\/www.auxiliadorapredial.com.br\/blog\/#website","url":"https:\/\/www.auxiliadorapredial.com.br\/blog\/","name":"Blog da Auxiliadora Predial - Tudo sobre im\u00f3veis e condom\u00ednios","description":"Dicas da Auxiliadora Predial sobre aluguel, compra e venda de im\u00f3veis, al\u00e9m de condom\u00ednios. Imobili\u00e1ria em Porto Alegre e interior do RS, Santa Catarina e S\u00e3o Paulo.","potentialAction":[{"@type":"SearchAction","target":{"@type":"EntryPoint","urlTemplate":"https:\/\/www.auxiliadorapredial.com.br\/blog\/?s={search_term_string}"},"query-input":{"@type":"PropertyValueSpecification","valueRequired":true,"valueName":"search_term_string"}}],"inLanguage":"pt-BR"},{"@type":"Person","@id":"https:\/\/www.auxiliadorapredial.com.br\/blog\/#\/schema\/person\/6f18fc59c4e49f77084c0b79db558b94","name":"Auxiliadora Predial","image":{"@type":"ImageObject","inLanguage":"pt-BR","@id":"https:\/\/secure.gravatar.com\/avatar\/35e2e024be01cb7ad8d58228a0e85f870bdc4fcffc251c71ad386ea38ee05234?s=96&d=mm&r=g","url":"https:\/\/secure.gravatar.com\/avatar\/35e2e024be01cb7ad8d58228a0e85f870bdc4fcffc251c71ad386ea38ee05234?s=96&d=mm&r=g","contentUrl":"https:\/\/secure.gravatar.com\/avatar\/35e2e024be01cb7ad8d58228a0e85f870bdc4fcffc251c71ad386ea38ee05234?s=96&d=mm&r=g","caption":"Auxiliadora Predial"},"sameAs":["https:\/\/www.auxiliadorapredial.com.br\/"]}]}},"views":2552,"_links":{"self":[{"href":"https:\/\/auxiliadorapredial.com.br\/blog\/wp-json\/wp\/v2\/posts\/9970","targetHints":{"allow":["GET"]}}],"collection":[{"href":"https:\/\/auxiliadorapredial.com.br\/blog\/wp-json\/wp\/v2\/posts"}],"about":[{"href":"https:\/\/auxiliadorapredial.com.br\/blog\/wp-json\/wp\/v2\/types\/post"}],"author":[{"embeddable":true,"href":"https:\/\/auxiliadorapredial.com.br\/blog\/wp-json\/wp\/v2\/users\/8"}],"replies":[{"embeddable":true,"href":"https:\/\/auxiliadorapredial.com.br\/blog\/wp-json\/wp\/v2\/comments?post=9970"}],"version-history":[{"count":7,"href":"https:\/\/auxiliadorapredial.com.br\/blog\/wp-json\/wp\/v2\/posts\/9970\/revisions"}],"predecessor-version":[{"id":15106,"href":"https:\/\/auxiliadorapredial.com.br\/blog\/wp-json\/wp\/v2\/posts\/9970\/revisions\/15106"}],"wp:featuredmedia":[{"embeddable":true,"href":"https:\/\/auxiliadorapredial.com.br\/blog\/wp-json\/wp\/v2\/media\/12134"}],"wp:attachment":[{"href":"https:\/\/auxiliadorapredial.com.br\/blog\/wp-json\/wp\/v2\/media?parent=9970"}],"wp:term":[{"taxonomy":"category","embeddable":true,"href":"https:\/\/auxiliadorapredial.com.br\/blog\/wp-json\/wp\/v2\/categories?post=9970"},{"taxonomy":"post_tag","embeddable":true,"href":"https:\/\/auxiliadorapredial.com.br\/blog\/wp-json\/wp\/v2\/tags?post=9970"}],"curies":[{"name":"wp","href":"https:\/\/api.w.org\/{rel}","templated":true}]}}