{"id":16743,"date":"2025-04-28T16:28:37","date_gmt":"2025-04-28T19:28:37","guid":{"rendered":"https:\/\/www.auxiliadorapredial.com.br\/blog\/?p=16743"},"modified":"2025-04-28T16:48:12","modified_gmt":"2025-04-28T19:48:12","slug":"como-escolher-moveis-planejados-para-otimizar-seu-espaco","status":"publish","type":"post","link":"https:\/\/auxiliadorapredial.com.br\/blog\/como-escolher-moveis-planejados-para-otimizar-seu-espaco\/","title":{"rendered":"Como escolher m\u00f3veis planejados para otimizar seu espa\u00e7o?"},"content":{"rendered":"\n<p>Se voc\u00ea j\u00e1 passou pela frustra\u00e7\u00e3o de n\u00e3o encontrar um m\u00f3vel que se encaixe perfeitamente no seu espa\u00e7o, sabe como pode ser desafiador mobiliar a casa de forma funcional e bonita.&nbsp;<\/p>\n\n\n\n<p>Os m\u00f3veis planejados surgem como uma solu\u00e7\u00e3o ideal para quem busca unir praticidade e estilo, aproveitando cada cantinho do ambiente de maneira inteligente.<\/p>\n\n\n\n<p>Com tantas op\u00e7\u00f5es dispon\u00edveis, escolher os m\u00f3veis certos pode parecer complicado, mas n\u00e3o precisa ser. Entender suas necessidades, conhecer os materiais e pensar na funcionalidade faz toda a diferen\u00e7a para um projeto bem-sucedido.&nbsp;<\/p>\n\n\n\n<p>Neste artigo, voc\u00ea vai descobrir as vantagens dos m\u00f3veis planejados e como tomar a melhor decis\u00e3o para transformar seu lar em um espa\u00e7o confort\u00e1vel, organizado e cheio de personalidade.<\/p>\n\n\n\n<figure class=\"wp-block-image size-large\"><img fetchpriority=\"high\" decoding=\"async\" width=\"1024\" height=\"683\" src=\"https:\/\/www.auxiliadorapredial.com.br\/blog\/wp-content\/uploads\/moveis-planejados-2-1024x683.webp\" alt=\"\" class=\"wp-image-16745\" style=\"aspect-ratio:3\/2;object-fit:cover\" srcset=\"https:\/\/auxiliadorapredial.com.br\/blog\/wp-content\/uploads\/moveis-planejados-2-1024x683.webp 1024w, https:\/\/auxiliadorapredial.com.br\/blog\/wp-content\/uploads\/moveis-planejados-2-300x200.webp 300w, https:\/\/auxiliadorapredial.com.br\/blog\/wp-content\/uploads\/moveis-planejados-2-768x512.webp 768w, https:\/\/auxiliadorapredial.com.br\/blog\/wp-content\/uploads\/moveis-planejados-2.webp 1224w\" sizes=\"(max-width: 1024px) 100vw, 1024px\" \/><\/figure>\n\n\n\n<div id=\"ez-toc-container\" class=\"ez-toc-v2_0_82_2 counter-hierarchy ez-toc-counter ez-toc-transparent ez-toc-container-direction\">\n<p class=\"ez-toc-title\" style=\"cursor:inherit\">Navegue pelo conte\u00fado<\/p>\n<label for=\"ez-toc-cssicon-toggle-item-69f353a4720fc\" class=\"ez-toc-cssicon-toggle-label\"><span class=\"\"><span class=\"eztoc-hide\" style=\"display:none;\">Toggle<\/span><span class=\"ez-toc-icon-toggle-span\"><svg style=\"fill: #000000;color:#000000\" xmlns=\"http:\/\/www.w3.org\/2000\/svg\" class=\"list-377408\" width=\"20px\" height=\"20px\" viewBox=\"0 0 24 24\" fill=\"none\"><path d=\"M6 6H4v2h2V6zm14 0H8v2h12V6zM4 11h2v2H4v-2zm16 0H8v2h12v-2zM4 16h2v2H4v-2zm16 0H8v2h12v-2z\" fill=\"currentColor\"><\/path><\/svg><svg style=\"fill: #000000;color:#000000\" class=\"arrow-unsorted-368013\" xmlns=\"http:\/\/www.w3.org\/2000\/svg\" width=\"10px\" height=\"10px\" viewBox=\"0 0 24 24\" version=\"1.2\" baseProfile=\"tiny\"><path d=\"M18.2 9.3l-6.2-6.3-6.2 6.3c-.2.2-.3.4-.3.7s.1.5.3.7c.2.2.4.3.7.3h11c.3 0 .5-.1.7-.3.2-.2.3-.5.3-.7s-.1-.5-.3-.7zM5.8 14.7l6.2 6.3 6.2-6.3c.2-.2.3-.5.3-.7s-.1-.5-.3-.7c-.2-.2-.4-.3-.7-.3h-11c-.3 0-.5.1-.7.3-.2.2-.3.5-.3.7s.1.5.3.7z\"\/><\/svg><\/span><\/span><\/label><input type=\"checkbox\"  id=\"ez-toc-cssicon-toggle-item-69f353a4720fc\"  aria-label=\"Alternar\" \/><nav><ul class='ez-toc-list ez-toc-list-level-1 ' ><li class='ez-toc-page-1 ez-toc-heading-level-2'><a class=\"ez-toc-link ez-toc-heading-1\" href=\"https:\/\/auxiliadorapredial.com.br\/blog\/como-escolher-moveis-planejados-para-otimizar-seu-espaco\/#Quais_as_vantagens_dos_moveis_planejados\" >Quais as vantagens dos m\u00f3veis planejados?<\/a><ul class='ez-toc-list-level-3' ><li class='ez-toc-heading-level-3'><a class=\"ez-toc-link ez-toc-heading-2\" href=\"https:\/\/auxiliadorapredial.com.br\/blog\/como-escolher-moveis-planejados-para-otimizar-seu-espaco\/#Melhor_aproveitamento_de_espaco\" >Melhor aproveitamento de espa\u00e7o<\/a><\/li><li class='ez-toc-page-1 ez-toc-heading-level-3'><a class=\"ez-toc-link ez-toc-heading-3\" href=\"https:\/\/auxiliadorapredial.com.br\/blog\/como-escolher-moveis-planejados-para-otimizar-seu-espaco\/#Design_exclusivo_e_personalizacao\" >Design exclusivo e personaliza\u00e7\u00e3o<\/a><\/li><li class='ez-toc-page-1 ez-toc-heading-level-3'><a class=\"ez-toc-link ez-toc-heading-4\" href=\"https:\/\/auxiliadorapredial.com.br\/blog\/como-escolher-moveis-planejados-para-otimizar-seu-espaco\/#Mais_durabilidade_e_qualidade\" >Mais durabilidade e qualidade<\/a><\/li><\/ul><\/li><li class='ez-toc-page-1 ez-toc-heading-level-2'><a class=\"ez-toc-link ez-toc-heading-5\" href=\"https:\/\/auxiliadorapredial.com.br\/blog\/como-escolher-moveis-planejados-para-otimizar-seu-espaco\/#Como_escolher_os_melhores_moveis_planejados_para_seu_lar\" >Como escolher os melhores m\u00f3veis planejados para seu lar?<\/a><ul class='ez-toc-list-level-3' ><li class='ez-toc-heading-level-3'><a class=\"ez-toc-link ez-toc-heading-6\" href=\"https:\/\/auxiliadorapredial.com.br\/blog\/como-escolher-moveis-planejados-para-otimizar-seu-espaco\/#Defina_suas_necessidades_e_prioridades\" >Defina suas necessidades e prioridades<\/a><\/li><li class='ez-toc-page-1 ez-toc-heading-level-3'><a class=\"ez-toc-link ez-toc-heading-7\" href=\"https:\/\/auxiliadorapredial.com.br\/blog\/como-escolher-moveis-planejados-para-otimizar-seu-espaco\/#Escolha_materiais_de_qualidade\" >Escolha materiais de qualidade<\/a><\/li><li class='ez-toc-page-1 ez-toc-heading-level-3'><a class=\"ez-toc-link ez-toc-heading-8\" href=\"https:\/\/auxiliadorapredial.com.br\/blog\/como-escolher-moveis-planejados-para-otimizar-seu-espaco\/#Considere_a_funcionalidade_dos_moveis\" >Considere a funcionalidade dos m\u00f3veis<\/a><\/li><li class='ez-toc-page-1 ez-toc-heading-level-3'><a class=\"ez-toc-link ez-toc-heading-9\" href=\"https:\/\/auxiliadorapredial.com.br\/blog\/como-escolher-moveis-planejados-para-otimizar-seu-espaco\/#Contrate_um_profissional_especializado\" >Contrate um profissional especializado<\/a><\/li><li class='ez-toc-page-1 ez-toc-heading-level-3'><a class=\"ez-toc-link ez-toc-heading-10\" href=\"https:\/\/auxiliadorapredial.com.br\/blog\/como-escolher-moveis-planejados-para-otimizar-seu-espaco\/#Cuidados_na_manutencao_dos_moveis_planejados\" >Cuidados na manuten\u00e7\u00e3o dos m\u00f3veis planejados<\/a><\/li><\/ul><\/li><li class='ez-toc-page-1 ez-toc-heading-level-2'><a class=\"ez-toc-link ez-toc-heading-11\" href=\"https:\/\/auxiliadorapredial.com.br\/blog\/como-escolher-moveis-planejados-para-otimizar-seu-espaco\/#Moveis_planejados_em_ambientes_integrados\" >M\u00f3veis planejados em ambientes integrados<\/a><\/li><li class='ez-toc-page-1 ez-toc-heading-level-2'><a class=\"ez-toc-link ez-toc-heading-12\" href=\"https:\/\/auxiliadorapredial.com.br\/blog\/como-escolher-moveis-planejados-para-otimizar-seu-espaco\/#Invista_em_qualidade_para_a_sua_casa\" >Invista em qualidade para a sua casa<\/a><\/li><\/ul><\/nav><\/div>\n<h2 class=\"wp-block-heading\"><span class=\"ez-toc-section\" id=\"Quais_as_vantagens_dos_moveis_planejados\"><\/span><strong>Quais as vantagens dos m\u00f3veis planejados?<\/strong><span class=\"ez-toc-section-end\"><\/span><\/h2>\n\n\n\n<p>Optar por m\u00f3veis planejados traz diversos benef\u00edcios para qualquer tipo de ambiente, seja uma cozinha, quarto, sala ou banheiro. Ali\u00e1s, at\u00e9 mesmo os ambientes corporativos se beneficiam deste recurso.<\/p>\n\n\n\n<p>A principal vantagem est\u00e1 na personaliza\u00e7\u00e3o, pois os projetos permitem que cada pe\u00e7a seja desenvolvida de acordo com as suas necessidades e prefer\u00eancias. Al\u00e9m disso, esses m\u00f3veis oferecem solu\u00e7\u00f5es inteligentes para organiza\u00e7\u00e3o e otimiza\u00e7\u00e3o do espa\u00e7o.<\/p>\n\n\n\n<p>Veja mais a seguir!<\/p>\n\n\n\n<h3 class=\"wp-block-heading\"><span class=\"ez-toc-section\" id=\"Melhor_aproveitamento_de_espaco\"><\/span><strong>Melhor aproveitamento de espa\u00e7o<\/strong><span class=\"ez-toc-section-end\"><\/span><\/h3>\n\n\n\n<p>Diferente dos m\u00f3veis prontos, que t\u00eam medidas padronizadas, os m\u00f3veis planejados s\u00e3o feitos sob medida, o que garante um encaixe perfeito em qualquer ambiente. Isso \u00e9 ideal para <a href=\"https:\/\/www.auxiliadorapredial.com.br\/blog\/decoracao-em-imoveis-pequenos\/\" target=\"_blank\" rel=\"noreferrer noopener\"><strong>apartamentos pequenos<\/strong><\/a> ou espa\u00e7os irregulares, nos quais cada cantinho pode ser utilizado de forma funcional e harm\u00f4nica.<\/p>\n\n\n\n<h3 class=\"wp-block-heading\"><span class=\"ez-toc-section\" id=\"Design_exclusivo_e_personalizacao\"><\/span><strong>Design exclusivo e personaliza\u00e7\u00e3o<\/strong><span class=\"ez-toc-section-end\"><\/span><\/h3>\n\n\n\n<p>Ao fazer um projeto de m\u00f3veis planejados, voc\u00ea pode escolher o design, os acabamentos, as cores e os materiais de acordo com o seu gosto pessoal e estilo de decora\u00e7\u00e3o. Dessa forma, \u00e9 poss\u00edvel criar ambientes que refletem o estilo de vida dos moradores, al\u00e9m de espa\u00e7os mais aconchegantes e alinhados com as necessidades e particularidades de cada fam\u00edlia.<\/p>\n\n\n\n<h3 class=\"wp-block-heading\"><span class=\"ez-toc-section\" id=\"Mais_durabilidade_e_qualidade\"><\/span><strong>Mais durabilidade e qualidade<\/strong><span class=\"ez-toc-section-end\"><\/span><\/h3>\n\n\n\n<p>Geralmente, as f\u00e1bricas utilizam materiais de alta qualidade para fabricar seus m\u00f3veis planejados, o que se traduz em durabilidade e resist\u00eancia.&nbsp;<\/p>\n\n\n\n<p>Em outras palavras, significa que optar por este tipo de mobili\u00e1rio proporciona um excelente custo-benef\u00edcio, j\u00e1 que, apesar de o investimento inicial ser maior, no longo prazo a escolha se mostra vantajosa devido \u00e0 solidez.<\/p>\n\n\n\n<p><strong>Leia tamb\u00e9m: <\/strong><a href=\"https:\/\/www.auxiliadorapredial.com.br\/blog\/plantas-em-apartamentos\/\" target=\"_blank\" rel=\"noreferrer noopener\"><strong>Plantas em apartamentos: dicas de cuidados e melhores esp\u00e9cies<\/strong><\/a><\/p>\n\n\n\n<h2 class=\"wp-block-heading\"><span class=\"ez-toc-section\" id=\"Como_escolher_os_melhores_moveis_planejados_para_seu_lar\"><\/span><strong>Como escolher os melhores m\u00f3veis planejados para seu lar?<\/strong><span class=\"ez-toc-section-end\"><\/span><\/h2>\n\n\n\n<p>Ao investir em m\u00f3veis planejados, \u00e9 essencial levar em conta alguns fatores que v\u00e3o garantir que sua escolha seja funcional e atenda \u00e0s suas necessidades di\u00e1rias. Confira algumas dicas importantes:<\/p>\n\n\n\n<h3 class=\"wp-block-heading\"><span class=\"ez-toc-section\" id=\"Defina_suas_necessidades_e_prioridades\"><\/span><strong>Defina suas necessidades e prioridades<\/strong><span class=\"ez-toc-section-end\"><\/span><\/h3>\n\n\n\n<p>Antes de iniciar o projeto, fa\u00e7a uma an\u00e1lise detalhada do que realmente precisa. Voc\u00ea busca mais espa\u00e7o de armazenamento? Quer um design mais moderno ou algo mais cl\u00e1ssico? Precisa que os m\u00f3veis sejam multifuncionais para otimizar espa\u00e7os pequenos?&nbsp;<\/p>\n\n\n\n<p>Responder a essas perguntas vai ajudar a determinar os elementos essenciais do projeto, garantindo que os m\u00f3veis planejados atendam \u00e0s suas expectativas e rotina.<\/p>\n\n\n\n<h3 class=\"wp-block-heading\"><span class=\"ez-toc-section\" id=\"Escolha_materiais_de_qualidade\"><\/span><strong>Escolha materiais de qualidade<\/strong><span class=\"ez-toc-section-end\"><\/span><\/h3>\n\n\n\n<p>A escolha dos materiais influencia diretamente a durabilidade e a est\u00e9tica dos m\u00f3veis. MDF e MDP s\u00e3o os mais comuns devido \u00e0 resist\u00eancia e ao custo-benef\u00edcio, mas se voc\u00ea busca mais sofistica\u00e7\u00e3o, pode optar por madeira maci\u00e7a ou l\u00e2minas naturais.&nbsp;<\/p>\n\n\n\n<p>Para ambientes \u00famidos, como banheiros e cozinhas, laminados de alta resist\u00eancia e imperme\u00e1veis s\u00e3o as melhores op\u00e7\u00f5es. Al\u00e9m disso, considerar ferragens de qualidade evita problemas com dobradi\u00e7as e corredi\u00e7as no futuro.<\/p>\n\n\n\n<h3 class=\"wp-block-heading\"><span class=\"ez-toc-section\" id=\"Considere_a_funcionalidade_dos_moveis\"><\/span><strong>Considere a funcionalidade dos m\u00f3veis<\/strong><span class=\"ez-toc-section-end\"><\/span><\/h3>\n\n\n\n<p>Os m\u00f3veis planejados devem ir al\u00e9m da est\u00e9tica e proporcionar praticidade no dia a dia. Portanto, prefira solu\u00e7\u00f5es que maximizem o uso do espa\u00e7o, como gavetas embutidas, portas de correr e prateleiras ajust\u00e1veis.&nbsp;<\/p>\n\n\n\n<p>Em cozinhas, gavet\u00f5es e organizadores internos podem facilitar a organiza\u00e7\u00e3o. No quarto, camas com ba\u00fa ou guarda-roupas com nichos inteligentes podem ser diferenciais. Avaliar a ergonomia tamb\u00e9m \u00e9 essencial para garantir conforto e facilitar o uso di\u00e1rio.<\/p>\n\n\n\n<h3 class=\"wp-block-heading\"><span class=\"ez-toc-section\" id=\"Contrate_um_profissional_especializado\"><\/span><strong>Contrate um profissional especializado<\/strong><span class=\"ez-toc-section-end\"><\/span><\/h3>\n\n\n\n<p>Contar com um profissional experiente faz toda a diferen\u00e7a no resultado do projeto. Um designer de interiores ou uma loja de m\u00f3veis planejados com projetistas experientes podem oferecer solu\u00e7\u00f5es criativas, indicar os melhores materiais e sugerir disposi\u00e7\u00f5es que aproveitem melhor o espa\u00e7o dispon\u00edvel.&nbsp;<\/p>\n\n\n\n<p>Al\u00e9m disso, um bom profissional garante que as medidas sejam precisas e evita erros que poderiam comprometer o encaixe e a funcionalidade dos m\u00f3veis.<\/p>\n\n\n\n<p><strong>Leia tamb\u00e9m: <\/strong><a href=\"https:\/\/www.auxiliadorapredial.com.br\/blog\/como-comprar-um-imovel-7-formas-de-garantir-a-casa-propria\/\" target=\"_blank\" rel=\"noreferrer noopener\"><strong>Como comprar um im\u00f3vel: 7 formas de garantir a casa pr\u00f3pria<\/strong><\/a><\/p>\n\n\n\n<h3 class=\"wp-block-heading\"><span class=\"ez-toc-section\" id=\"Cuidados_na_manutencao_dos_moveis_planejados\"><\/span><strong>Cuidados na manuten\u00e7\u00e3o dos m\u00f3veis planejados<\/strong><span class=\"ez-toc-section-end\"><\/span><\/h3>\n\n\n\n<p>Para manter seus m\u00f3veis planejados bonitos e conservados por mais tempo, \u00e9 importante seguir algumas recomenda\u00e7\u00f5es de manuten\u00e7\u00e3o:<\/p>\n\n\n\n<ul class=\"wp-block-list\">\n<li>evite produtos abrasivos na limpeza, optando por panos macios e detergente neutro;<\/li>\n\n\n\n<li>proteja os m\u00f3veis da <a href=\"https:\/\/auxiliadorapredial.com.br\/blog\/como-evitar-umidade-no-inverno-e-manter-o-bem-estar-em-casa\/\">umidade<\/a> excessiva, especialmente em cozinhas e banheiros;<\/li>\n\n\n\n<li>utilize protetores de silicone para gavetas e portas, evitando desgastes precoces;<\/li>\n\n\n\n<li>realize inspe\u00e7\u00f5es peri\u00f3dicas para garantir que ferragens e mecanismos de abertura estejam funcionando corretamente.<\/li>\n<\/ul>\n\n\n\n<p><\/p>\n\n\n\n<figure class=\"wp-block-image size-large\"><img decoding=\"async\" width=\"1024\" height=\"576\" src=\"https:\/\/www.auxiliadorapredial.com.br\/blog\/wp-content\/uploads\/moveis-planejados-3-1024x576.webp\" alt=\"\" class=\"wp-image-16746\" style=\"aspect-ratio:3\/2;object-fit:cover\" srcset=\"https:\/\/auxiliadorapredial.com.br\/blog\/wp-content\/uploads\/moveis-planejados-3-1024x576.webp 1024w, https:\/\/auxiliadorapredial.com.br\/blog\/wp-content\/uploads\/moveis-planejados-3-300x169.webp 300w, https:\/\/auxiliadorapredial.com.br\/blog\/wp-content\/uploads\/moveis-planejados-3-768x432.webp 768w, https:\/\/auxiliadorapredial.com.br\/blog\/wp-content\/uploads\/moveis-planejados-3.webp 1224w\" sizes=\"(max-width: 1024px) 100vw, 1024px\" \/><\/figure>\n\n\n\n<h2 class=\"wp-block-heading\"><span class=\"ez-toc-section\" id=\"Moveis_planejados_em_ambientes_integrados\"><\/span><strong>M\u00f3veis planejados em ambientes integrados<\/strong><span class=\"ez-toc-section-end\"><\/span><\/h2>\n\n\n\n<p>Os m\u00f3veis planejados s\u00e3o uma excelente solu\u00e7\u00e3o para <a href=\"https:\/\/www.auxiliadorapredial.com.br\/blog\/ambientes-integrados\/\"><strong>ambi<\/strong><\/a><a href=\"https:\/\/www.auxiliadorapredial.com.br\/blog\/ambientes-integrados\/\" target=\"_blank\" rel=\"noreferrer noopener\"><strong>e<\/strong><\/a><a href=\"https:\/\/www.auxiliadorapredial.com.br\/blog\/ambientes-integrados\/\"><strong>ntes integrados<\/strong><\/a>, pois permitem a delimita\u00e7\u00e3o dos espa\u00e7os sem comprometer a sensa\u00e7\u00e3o de amplitude.\u00a0<\/p>\n\n\n\n<p>Assim, ao inv\u00e9s de paredes que bloqueiam a vis\u00e3o e reduzem a circula\u00e7\u00e3o de luz, m\u00f3veis como bancadas, estantes vazadas e pain\u00e9is funcionam como divis\u00f3rias sutis, mantendo a fluidez entre os ambientes.&nbsp;<\/p>\n\n\n\n<p>Em uma sala integrada \u00e0 cozinha, por exemplo, um balc\u00e3o planejado pode separar as \u00e1reas de maneira funcional, servindo tanto como apoio para refei\u00e7\u00f5es quanto como espa\u00e7o de armazenamento.<\/p>\n\n\n\n<p>Al\u00e9m de contribuir para a organiza\u00e7\u00e3o, os m\u00f3veis planejados ajudam a valorizar a metragem dispon\u00edvel, pois aproveitam cada cent\u00edmetro do ambiente de forma estrat\u00e9gica. Al\u00e9m disso, sof\u00e1s com encosto baixo, combinados a prateleiras suspensas e arm\u00e1rios embutidos, garantem que a separa\u00e7\u00e3o entre os espa\u00e7os seja equilibrada, sem comprometer a circula\u00e7\u00e3o.&nbsp;<\/p>\n\n\n\n<p>Dessa forma, \u00e9 poss\u00edvel criar uma decora\u00e7\u00e3o harmoniosa e funcional, onde os m\u00f3veis n\u00e3o apenas delimitam os ambientes, mas tamb\u00e9m agregam praticidade ao dia a dia.<\/p>\n\n\n\n<h2 class=\"wp-block-heading\"><span class=\"ez-toc-section\" id=\"Invista_em_qualidade_para_a_sua_casa\"><\/span><strong>Invista em qualidade para a sua casa<\/strong><span class=\"ez-toc-section-end\"><\/span><\/h2>\n\n\n\n<p>Investir em m\u00f3veis planejados \u00e9 uma escolha que combina funcionalidade, est\u00e9tica e otimiza\u00e7\u00e3o de espa\u00e7o.&nbsp;<\/p>\n\n\n\n<p>Seja para tornar sua casa mais organizada, criar um ambiente mais harmonioso ou at\u00e9 valorizar o im\u00f3vel, essa solu\u00e7\u00e3o oferece vantagens que v\u00e3o al\u00e9m da personaliza\u00e7\u00e3o. Com materiais de qualidade, design sob medida e um bom planejamento, \u00e9 poss\u00edvel transformar qualquer c\u00f4modo em um espa\u00e7o mais pr\u00e1tico e agrad\u00e1vel para o dia a dia.<\/p>\n\n\n\n<p>Para garantir o melhor resultado, lembre-se de contar com profissionais especializados e escolher materiais que proporcionem durabilidade. Al\u00e9m disso, a manuten\u00e7\u00e3o correta ajuda a conservar os m\u00f3veis por muitos anos, mantendo a beleza e a funcionalidade do projeto.Se voc\u00ea quer mais inspira\u00e7\u00f5es e dicas para deixar sua casa ainda mais aconchegante e bem planejada, confira outros conte\u00fados no <a href=\"https:\/\/www.auxiliadorapredial.com.br\/blog\/\" target=\"_blank\" rel=\"noreferrer noopener\"><strong>blog da Auxiliadora<\/strong><\/a>!<\/p>\n\n\n\n<p><\/p>\n","protected":false},"excerpt":{"rendered":"<p>M\u00f3veis planejados otimizam espa\u00e7os, oferecem personaliza\u00e7\u00e3o e durabilidade. Escolher bons materiais e contar com profissionais especializados garante ambientes mais funcionais e valorizados.<\/p>\n","protected":false},"author":2,"featured_media":16744,"comment_status":"open","ping_status":"open","sticky":false,"template":"","format":"standard","meta":{"footnotes":""},"categories":[307],"tags":[1541,871,1540],"class_list":["post-16743","post","type-post","status-publish","format-standard","has-post-thumbnail","hentry","category-meu-lar","tag-como-escolher-moveis-planejados","tag-meu-lar","tag-moveis-planejados"],"yoast_head":"<!-- This site is optimized with the Yoast SEO plugin v27.3 - https:\/\/yoast.com\/product\/yoast-seo-wordpress\/ -->\n<title>Como escolher m\u00f3veis planejados para otimizar seu espa\u00e7o?<\/title>\n<meta name=\"description\" content=\"Vai mobiliar seu lar? Confira nossas dicas e opte por um projeto de m\u00f3veis planejados funcional e que combine com o seu estilo de vida.\" \/>\n<meta name=\"robots\" content=\"index, follow, max-snippet:-1, max-image-preview:large, max-video-preview:-1\" \/>\n<link rel=\"canonical\" href=\"https:\/\/www.auxiliadorapredial.com.br\/blog\/como-escolher-moveis-planejados-para-otimizar-seu-espaco\/\" \/>\n<meta property=\"og:locale\" content=\"pt_BR\" \/>\n<meta property=\"og:type\" content=\"article\" \/>\n<meta property=\"og:title\" content=\"Como escolher m\u00f3veis planejados para otimizar seu espa\u00e7o?\" \/>\n<meta property=\"og:description\" content=\"Vai mobiliar seu lar? Confira nossas dicas e opte por um projeto de m\u00f3veis planejados funcional e que combine com o seu estilo de vida.\" \/>\n<meta property=\"og:url\" content=\"https:\/\/www.auxiliadorapredial.com.br\/blog\/como-escolher-moveis-planejados-para-otimizar-seu-espaco\/\" \/>\n<meta property=\"og:site_name\" content=\"Blog da Auxiliadora Predial - Tudo sobre im\u00f3veis e condom\u00ednios\" \/>\n<meta property=\"article:published_time\" content=\"2025-04-28T19:28:37+00:00\" \/>\n<meta property=\"article:modified_time\" content=\"2025-04-28T19:48:12+00:00\" \/>\n<meta property=\"og:image\" content=\"https:\/\/www.auxiliadorapredial.com.br\/blog\/wp-content\/uploads\/moveis-planejados-1-.webp\" \/>\n\t<meta property=\"og:image:width\" content=\"1224\" \/>\n\t<meta property=\"og:image:height\" content=\"688\" \/>\n\t<meta property=\"og:image:type\" content=\"image\/webp\" \/>\n<meta name=\"author\" content=\"Auxiliadora Predial\" \/>\n<meta name=\"twitter:card\" content=\"summary_large_image\" \/>\n<meta name=\"twitter:label1\" content=\"Escrito por\" \/>\n\t<meta name=\"twitter:data1\" content=\"Auxiliadora Predial\" \/>\n\t<meta name=\"twitter:label2\" content=\"Est. tempo de leitura\" \/>\n\t<meta name=\"twitter:data2\" content=\"7 minutos\" \/>\n<script type=\"application\/ld+json\" class=\"yoast-schema-graph\">{\"@context\":\"https:\\\/\\\/schema.org\",\"@graph\":[{\"@type\":\"Article\",\"@id\":\"https:\\\/\\\/www.auxiliadorapredial.com.br\\\/blog\\\/como-escolher-moveis-planejados-para-otimizar-seu-espaco\\\/#article\",\"isPartOf\":{\"@id\":\"https:\\\/\\\/www.auxiliadorapredial.com.br\\\/blog\\\/como-escolher-moveis-planejados-para-otimizar-seu-espaco\\\/\"},\"author\":{\"name\":\"Auxiliadora Predial\",\"@id\":\"https:\\\/\\\/www.auxiliadorapredial.com.br\\\/blog\\\/#\\\/schema\\\/person\\\/851e4e4185bc716576f2f383ed94ae33\"},\"headline\":\"Como escolher m\u00f3veis planejados para otimizar seu espa\u00e7o?\",\"datePublished\":\"2025-04-28T19:28:37+00:00\",\"dateModified\":\"2025-04-28T19:48:12+00:00\",\"mainEntityOfPage\":{\"@id\":\"https:\\\/\\\/www.auxiliadorapredial.com.br\\\/blog\\\/como-escolher-moveis-planejados-para-otimizar-seu-espaco\\\/\"},\"wordCount\":1255,\"commentCount\":0,\"image\":{\"@id\":\"https:\\\/\\\/www.auxiliadorapredial.com.br\\\/blog\\\/como-escolher-moveis-planejados-para-otimizar-seu-espaco\\\/#primaryimage\"},\"thumbnailUrl\":\"https:\\\/\\\/auxiliadorapredial.com.br\\\/blog\\\/wp-content\\\/uploads\\\/moveis-planejados-1-.webp\",\"keywords\":[\"Como escolher m\u00f3veis planejados?\",\"meu lar\",\"M\u00f3veis planejados\"],\"articleSection\":[\"Meu Lar\"],\"inLanguage\":\"pt-BR\",\"potentialAction\":[{\"@type\":\"CommentAction\",\"name\":\"Comment\",\"target\":[\"https:\\\/\\\/www.auxiliadorapredial.com.br\\\/blog\\\/como-escolher-moveis-planejados-para-otimizar-seu-espaco\\\/#respond\"]}]},{\"@type\":\"WebPage\",\"@id\":\"https:\\\/\\\/www.auxiliadorapredial.com.br\\\/blog\\\/como-escolher-moveis-planejados-para-otimizar-seu-espaco\\\/\",\"url\":\"https:\\\/\\\/www.auxiliadorapredial.com.br\\\/blog\\\/como-escolher-moveis-planejados-para-otimizar-seu-espaco\\\/\",\"name\":\"Como escolher m\u00f3veis planejados para otimizar seu espa\u00e7o?\",\"isPartOf\":{\"@id\":\"https:\\\/\\\/www.auxiliadorapredial.com.br\\\/blog\\\/#website\"},\"primaryImageOfPage\":{\"@id\":\"https:\\\/\\\/www.auxiliadorapredial.com.br\\\/blog\\\/como-escolher-moveis-planejados-para-otimizar-seu-espaco\\\/#primaryimage\"},\"image\":{\"@id\":\"https:\\\/\\\/www.auxiliadorapredial.com.br\\\/blog\\\/como-escolher-moveis-planejados-para-otimizar-seu-espaco\\\/#primaryimage\"},\"thumbnailUrl\":\"https:\\\/\\\/auxiliadorapredial.com.br\\\/blog\\\/wp-content\\\/uploads\\\/moveis-planejados-1-.webp\",\"datePublished\":\"2025-04-28T19:28:37+00:00\",\"dateModified\":\"2025-04-28T19:48:12+00:00\",\"author\":{\"@id\":\"https:\\\/\\\/www.auxiliadorapredial.com.br\\\/blog\\\/#\\\/schema\\\/person\\\/851e4e4185bc716576f2f383ed94ae33\"},\"description\":\"Vai mobiliar seu lar? Confira nossas dicas e opte por um projeto de m\u00f3veis planejados funcional e que combine com o seu estilo de vida.\",\"inLanguage\":\"pt-BR\",\"potentialAction\":[{\"@type\":\"ReadAction\",\"target\":[\"https:\\\/\\\/www.auxiliadorapredial.com.br\\\/blog\\\/como-escolher-moveis-planejados-para-otimizar-seu-espaco\\\/\"]}]},{\"@type\":\"ImageObject\",\"inLanguage\":\"pt-BR\",\"@id\":\"https:\\\/\\\/www.auxiliadorapredial.com.br\\\/blog\\\/como-escolher-moveis-planejados-para-otimizar-seu-espaco\\\/#primaryimage\",\"url\":\"https:\\\/\\\/auxiliadorapredial.com.br\\\/blog\\\/wp-content\\\/uploads\\\/moveis-planejados-1-.webp\",\"contentUrl\":\"https:\\\/\\\/auxiliadorapredial.com.br\\\/blog\\\/wp-content\\\/uploads\\\/moveis-planejados-1-.webp\",\"width\":1224,\"height\":688,\"caption\":\"Como escolher m\u00f3veis planejados para otimizar seu espa\u00e7o?\"},{\"@type\":\"WebSite\",\"@id\":\"https:\\\/\\\/www.auxiliadorapredial.com.br\\\/blog\\\/#website\",\"url\":\"https:\\\/\\\/www.auxiliadorapredial.com.br\\\/blog\\\/\",\"name\":\"Blog da Auxiliadora Predial - Tudo sobre im\u00f3veis e condom\u00ednios\",\"description\":\"Dicas da Auxiliadora Predial sobre aluguel, compra e venda de im\u00f3veis, al\u00e9m de condom\u00ednios. Imobili\u00e1ria em Porto Alegre e interior do RS, Santa Catarina e S\u00e3o Paulo.\",\"potentialAction\":[{\"@type\":\"SearchAction\",\"target\":{\"@type\":\"EntryPoint\",\"urlTemplate\":\"https:\\\/\\\/www.auxiliadorapredial.com.br\\\/blog\\\/?s={search_term_string}\"},\"query-input\":{\"@type\":\"PropertyValueSpecification\",\"valueRequired\":true,\"valueName\":\"search_term_string\"}}],\"inLanguage\":\"pt-BR\"},{\"@type\":\"Person\",\"@id\":\"https:\\\/\\\/www.auxiliadorapredial.com.br\\\/blog\\\/#\\\/schema\\\/person\\\/851e4e4185bc716576f2f383ed94ae33\",\"name\":\"Auxiliadora Predial\",\"image\":{\"@type\":\"ImageObject\",\"inLanguage\":\"pt-BR\",\"@id\":\"https:\\\/\\\/secure.gravatar.com\\\/avatar\\\/96f819f3615570f75bc98a819541afa2cb796cbdd9086c22d71a1b162f1cd305?s=96&d=mm&r=g\",\"url\":\"https:\\\/\\\/secure.gravatar.com\\\/avatar\\\/96f819f3615570f75bc98a819541afa2cb796cbdd9086c22d71a1b162f1cd305?s=96&d=mm&r=g\",\"contentUrl\":\"https:\\\/\\\/secure.gravatar.com\\\/avatar\\\/96f819f3615570f75bc98a819541afa2cb796cbdd9086c22d71a1b162f1cd305?s=96&d=mm&r=g\",\"caption\":\"Auxiliadora Predial\"}}]}<\/script>\n<!-- \/ Yoast SEO plugin. -->","yoast_head_json":{"title":"Como escolher m\u00f3veis planejados para otimizar seu espa\u00e7o?","description":"Vai mobiliar seu lar? Confira nossas dicas e opte por um projeto de m\u00f3veis planejados funcional e que combine com o seu estilo de vida.","robots":{"index":"index","follow":"follow","max-snippet":"max-snippet:-1","max-image-preview":"max-image-preview:large","max-video-preview":"max-video-preview:-1"},"canonical":"https:\/\/www.auxiliadorapredial.com.br\/blog\/como-escolher-moveis-planejados-para-otimizar-seu-espaco\/","og_locale":"pt_BR","og_type":"article","og_title":"Como escolher m\u00f3veis planejados para otimizar seu espa\u00e7o?","og_description":"Vai mobiliar seu lar? Confira nossas dicas e opte por um projeto de m\u00f3veis planejados funcional e que combine com o seu estilo de vida.","og_url":"https:\/\/www.auxiliadorapredial.com.br\/blog\/como-escolher-moveis-planejados-para-otimizar-seu-espaco\/","og_site_name":"Blog da Auxiliadora Predial - Tudo sobre im\u00f3veis e condom\u00ednios","article_published_time":"2025-04-28T19:28:37+00:00","article_modified_time":"2025-04-28T19:48:12+00:00","og_image":[{"width":1224,"height":688,"url":"https:\/\/www.auxiliadorapredial.com.br\/blog\/wp-content\/uploads\/moveis-planejados-1-.webp","type":"image\/webp"}],"author":"Auxiliadora Predial","twitter_card":"summary_large_image","twitter_misc":{"Escrito por":"Auxiliadora Predial","Est. tempo de leitura":"7 minutos"},"schema":{"@context":"https:\/\/schema.org","@graph":[{"@type":"Article","@id":"https:\/\/www.auxiliadorapredial.com.br\/blog\/como-escolher-moveis-planejados-para-otimizar-seu-espaco\/#article","isPartOf":{"@id":"https:\/\/www.auxiliadorapredial.com.br\/blog\/como-escolher-moveis-planejados-para-otimizar-seu-espaco\/"},"author":{"name":"Auxiliadora Predial","@id":"https:\/\/www.auxiliadorapredial.com.br\/blog\/#\/schema\/person\/851e4e4185bc716576f2f383ed94ae33"},"headline":"Como escolher m\u00f3veis planejados para otimizar seu espa\u00e7o?","datePublished":"2025-04-28T19:28:37+00:00","dateModified":"2025-04-28T19:48:12+00:00","mainEntityOfPage":{"@id":"https:\/\/www.auxiliadorapredial.com.br\/blog\/como-escolher-moveis-planejados-para-otimizar-seu-espaco\/"},"wordCount":1255,"commentCount":0,"image":{"@id":"https:\/\/www.auxiliadorapredial.com.br\/blog\/como-escolher-moveis-planejados-para-otimizar-seu-espaco\/#primaryimage"},"thumbnailUrl":"https:\/\/auxiliadorapredial.com.br\/blog\/wp-content\/uploads\/moveis-planejados-1-.webp","keywords":["Como escolher m\u00f3veis planejados?","meu lar","M\u00f3veis planejados"],"articleSection":["Meu Lar"],"inLanguage":"pt-BR","potentialAction":[{"@type":"CommentAction","name":"Comment","target":["https:\/\/www.auxiliadorapredial.com.br\/blog\/como-escolher-moveis-planejados-para-otimizar-seu-espaco\/#respond"]}]},{"@type":"WebPage","@id":"https:\/\/www.auxiliadorapredial.com.br\/blog\/como-escolher-moveis-planejados-para-otimizar-seu-espaco\/","url":"https:\/\/www.auxiliadorapredial.com.br\/blog\/como-escolher-moveis-planejados-para-otimizar-seu-espaco\/","name":"Como escolher m\u00f3veis planejados para otimizar seu espa\u00e7o?","isPartOf":{"@id":"https:\/\/www.auxiliadorapredial.com.br\/blog\/#website"},"primaryImageOfPage":{"@id":"https:\/\/www.auxiliadorapredial.com.br\/blog\/como-escolher-moveis-planejados-para-otimizar-seu-espaco\/#primaryimage"},"image":{"@id":"https:\/\/www.auxiliadorapredial.com.br\/blog\/como-escolher-moveis-planejados-para-otimizar-seu-espaco\/#primaryimage"},"thumbnailUrl":"https:\/\/auxiliadorapredial.com.br\/blog\/wp-content\/uploads\/moveis-planejados-1-.webp","datePublished":"2025-04-28T19:28:37+00:00","dateModified":"2025-04-28T19:48:12+00:00","author":{"@id":"https:\/\/www.auxiliadorapredial.com.br\/blog\/#\/schema\/person\/851e4e4185bc716576f2f383ed94ae33"},"description":"Vai mobiliar seu lar? Confira nossas dicas e opte por um projeto de m\u00f3veis planejados funcional e que combine com o seu estilo de vida.","inLanguage":"pt-BR","potentialAction":[{"@type":"ReadAction","target":["https:\/\/www.auxiliadorapredial.com.br\/blog\/como-escolher-moveis-planejados-para-otimizar-seu-espaco\/"]}]},{"@type":"ImageObject","inLanguage":"pt-BR","@id":"https:\/\/www.auxiliadorapredial.com.br\/blog\/como-escolher-moveis-planejados-para-otimizar-seu-espaco\/#primaryimage","url":"https:\/\/auxiliadorapredial.com.br\/blog\/wp-content\/uploads\/moveis-planejados-1-.webp","contentUrl":"https:\/\/auxiliadorapredial.com.br\/blog\/wp-content\/uploads\/moveis-planejados-1-.webp","width":1224,"height":688,"caption":"Como escolher m\u00f3veis planejados para otimizar seu espa\u00e7o?"},{"@type":"WebSite","@id":"https:\/\/www.auxiliadorapredial.com.br\/blog\/#website","url":"https:\/\/www.auxiliadorapredial.com.br\/blog\/","name":"Blog da Auxiliadora Predial - Tudo sobre im\u00f3veis e condom\u00ednios","description":"Dicas da Auxiliadora Predial sobre aluguel, compra e venda de im\u00f3veis, al\u00e9m de condom\u00ednios. Imobili\u00e1ria em Porto Alegre e interior do RS, Santa Catarina e S\u00e3o Paulo.","potentialAction":[{"@type":"SearchAction","target":{"@type":"EntryPoint","urlTemplate":"https:\/\/www.auxiliadorapredial.com.br\/blog\/?s={search_term_string}"},"query-input":{"@type":"PropertyValueSpecification","valueRequired":true,"valueName":"search_term_string"}}],"inLanguage":"pt-BR"},{"@type":"Person","@id":"https:\/\/www.auxiliadorapredial.com.br\/blog\/#\/schema\/person\/851e4e4185bc716576f2f383ed94ae33","name":"Auxiliadora Predial","image":{"@type":"ImageObject","inLanguage":"pt-BR","@id":"https:\/\/secure.gravatar.com\/avatar\/96f819f3615570f75bc98a819541afa2cb796cbdd9086c22d71a1b162f1cd305?s=96&d=mm&r=g","url":"https:\/\/secure.gravatar.com\/avatar\/96f819f3615570f75bc98a819541afa2cb796cbdd9086c22d71a1b162f1cd305?s=96&d=mm&r=g","contentUrl":"https:\/\/secure.gravatar.com\/avatar\/96f819f3615570f75bc98a819541afa2cb796cbdd9086c22d71a1b162f1cd305?s=96&d=mm&r=g","caption":"Auxiliadora Predial"}}]}},"views":1043,"_links":{"self":[{"href":"https:\/\/auxiliadorapredial.com.br\/blog\/wp-json\/wp\/v2\/posts\/16743","targetHints":{"allow":["GET"]}}],"collection":[{"href":"https:\/\/auxiliadorapredial.com.br\/blog\/wp-json\/wp\/v2\/posts"}],"about":[{"href":"https:\/\/auxiliadorapredial.com.br\/blog\/wp-json\/wp\/v2\/types\/post"}],"author":[{"embeddable":true,"href":"https:\/\/auxiliadorapredial.com.br\/blog\/wp-json\/wp\/v2\/users\/2"}],"replies":[{"embeddable":true,"href":"https:\/\/auxiliadorapredial.com.br\/blog\/wp-json\/wp\/v2\/comments?post=16743"}],"version-history":[{"count":3,"href":"https:\/\/auxiliadorapredial.com.br\/blog\/wp-json\/wp\/v2\/posts\/16743\/revisions"}],"predecessor-version":[{"id":16749,"href":"https:\/\/auxiliadorapredial.com.br\/blog\/wp-json\/wp\/v2\/posts\/16743\/revisions\/16749"}],"wp:featuredmedia":[{"embeddable":true,"href":"https:\/\/auxiliadorapredial.com.br\/blog\/wp-json\/wp\/v2\/media\/16744"}],"wp:attachment":[{"href":"https:\/\/auxiliadorapredial.com.br\/blog\/wp-json\/wp\/v2\/media?parent=16743"}],"wp:term":[{"taxonomy":"category","embeddable":true,"href":"https:\/\/auxiliadorapredial.com.br\/blog\/wp-json\/wp\/v2\/categories?post=16743"},{"taxonomy":"post_tag","embeddable":true,"href":"https:\/\/auxiliadorapredial.com.br\/blog\/wp-json\/wp\/v2\/tags?post=16743"}],"curies":[{"name":"wp","href":"https:\/\/api.w.org\/{rel}","templated":true}]}}