{"id":16646,"date":"2025-03-19T17:21:47","date_gmt":"2025-03-19T20:21:47","guid":{"rendered":"https:\/\/www.auxiliadorapredial.com.br\/blog\/?p=16646"},"modified":"2025-04-14T15:19:46","modified_gmt":"2025-04-14T18:19:46","slug":"mercado-imobiliario-em-blumenau-oportunidades-e-tendencias","status":"publish","type":"post","link":"https:\/\/auxiliadorapredial.com.br\/blog\/mercado-imobiliario-em-blumenau-oportunidades-e-tendencias\/","title":{"rendered":"Mercado imobili\u00e1rio em Blumenau: oportunidades e tend\u00eancias"},"content":{"rendered":"\n<p>Blumenau, no Vale do Itaja\u00ed, combina tradi\u00e7\u00e3o e inova\u00e7\u00e3o em um dos polos econ\u00f4micos mais din\u00e2micos de Santa Catarina.&nbsp;<\/p>\n\n\n\n<p>Reconhecida por sua forte influ\u00eancia germ\u00e2nica, a cidade tem uma economia diversificada, impulsionada por setores como ind\u00fastria t\u00eaxtil, tecnologia da informa\u00e7\u00e3o, metalurgia e com\u00e9rcio. Al\u00e9m disso, seu alto \u00cdndice de Desenvolvimento Humano (IDH) e a infraestrutura de qualidade a tornam um local atrativo para novos moradores e investidores.<\/p>\n\n\n\n<p>Nos \u00faltimos anos, o mercado imobili\u00e1rio de Blumenau demonstra um crescimento expressivo, refletindo n\u00e3o apenas o desenvolvimento econ\u00f4mico, mas tamb\u00e9m o aumento da demanda por im\u00f3veis residenciais e comerciais.&nbsp;<\/p>\n\n\n\n<p>Seja para quem busca moradia em um ambiente estruturado e seguro, ou para investidores que querem aproveitar o potencial de valoriza\u00e7\u00e3o, a cidade se destaca como um mercado promissor.<\/p>\n\n\n\n<div id=\"ez-toc-container\" class=\"ez-toc-v2_0_82_2 counter-hierarchy ez-toc-counter ez-toc-transparent ez-toc-container-direction\">\n<p class=\"ez-toc-title\" style=\"cursor:inherit\">Navegue pelo conte\u00fado<\/p>\n<label for=\"ez-toc-cssicon-toggle-item-69f71b8ec63a1\" class=\"ez-toc-cssicon-toggle-label\"><span class=\"\"><span class=\"eztoc-hide\" style=\"display:none;\">Toggle<\/span><span class=\"ez-toc-icon-toggle-span\"><svg style=\"fill: #000000;color:#000000\" xmlns=\"http:\/\/www.w3.org\/2000\/svg\" class=\"list-377408\" width=\"20px\" height=\"20px\" viewBox=\"0 0 24 24\" fill=\"none\"><path d=\"M6 6H4v2h2V6zm14 0H8v2h12V6zM4 11h2v2H4v-2zm16 0H8v2h12v-2zM4 16h2v2H4v-2zm16 0H8v2h12v-2z\" fill=\"currentColor\"><\/path><\/svg><svg style=\"fill: #000000;color:#000000\" class=\"arrow-unsorted-368013\" xmlns=\"http:\/\/www.w3.org\/2000\/svg\" width=\"10px\" height=\"10px\" viewBox=\"0 0 24 24\" version=\"1.2\" baseProfile=\"tiny\"><path d=\"M18.2 9.3l-6.2-6.3-6.2 6.3c-.2.2-.3.4-.3.7s.1.5.3.7c.2.2.4.3.7.3h11c.3 0 .5-.1.7-.3.2-.2.3-.5.3-.7s-.1-.5-.3-.7zM5.8 14.7l6.2 6.3 6.2-6.3c.2-.2.3-.5.3-.7s-.1-.5-.3-.7c-.2-.2-.4-.3-.7-.3h-11c-.3 0-.5.1-.7.3-.2.2-.3.5-.3.7s.1.5.3.7z\"\/><\/svg><\/span><\/span><\/label><input type=\"checkbox\"  id=\"ez-toc-cssicon-toggle-item-69f71b8ec63a1\"  aria-label=\"Alternar\" \/><nav><ul class='ez-toc-list ez-toc-list-level-1 ' ><li class='ez-toc-page-1 ez-toc-heading-level-2'><a class=\"ez-toc-link ez-toc-heading-1\" href=\"https:\/\/auxiliadorapredial.com.br\/blog\/mercado-imobiliario-em-blumenau-oportunidades-e-tendencias\/#Crescimento_economico_e_valorizacao_imobiliaria\" >Crescimento econ\u00f4mico e valoriza\u00e7\u00e3o imobili\u00e1ria<\/a><\/li><li class='ez-toc-page-1 ez-toc-heading-level-2'><a class=\"ez-toc-link ez-toc-heading-2\" href=\"https:\/\/auxiliadorapredial.com.br\/blog\/mercado-imobiliario-em-blumenau-oportunidades-e-tendencias\/#Infraestrutura_e_qualidade_de_vida\" >Infraestrutura e qualidade de vida<\/a><ul class='ez-toc-list-level-3' ><li class='ez-toc-heading-level-3'><a class=\"ez-toc-link ez-toc-heading-3\" href=\"https:\/\/auxiliadorapredial.com.br\/blog\/mercado-imobiliario-em-blumenau-oportunidades-e-tendencias\/#Oktoberfest_Blumenau_a_tradicao_germanica_no_Brasil\" >Oktoberfest Blumenau: a tradi\u00e7\u00e3o germ\u00e2nica no Brasil<\/a><\/li><li class='ez-toc-page-1 ez-toc-heading-level-3'><a class=\"ez-toc-link ez-toc-heading-4\" href=\"https:\/\/auxiliadorapredial.com.br\/blog\/mercado-imobiliario-em-blumenau-oportunidades-e-tendencias\/#Turismo_e_cultura_em_Blumenau\" >Turismo e cultura em Blumenau<\/a><\/li><\/ul><\/li><li class='ez-toc-page-1 ez-toc-heading-level-2'><a class=\"ez-toc-link ez-toc-heading-5\" href=\"https:\/\/auxiliadorapredial.com.br\/blog\/mercado-imobiliario-em-blumenau-oportunidades-e-tendencias\/#Blumenau_uma_cidade_para_viver_e_investir\" >Blumenau: uma cidade para viver e investir<\/a><\/li><li class='ez-toc-page-1 ez-toc-heading-level-2'><a class=\"ez-toc-link ez-toc-heading-6\" href=\"https:\/\/auxiliadorapredial.com.br\/blog\/mercado-imobiliario-em-blumenau-oportunidades-e-tendencias\/#Tendencias_do_mercado_imobiliario_em_Blumenau\" >Tend\u00eancias do mercado imobili\u00e1rio em Blumenau<\/a><ul class='ez-toc-list-level-3' ><li class='ez-toc-heading-level-3'><a class=\"ez-toc-link ez-toc-heading-7\" href=\"https:\/\/auxiliadorapredial.com.br\/blog\/mercado-imobiliario-em-blumenau-oportunidades-e-tendencias\/#Verticalizacao_e_modernizacao\" >Verticaliza\u00e7\u00e3o e moderniza\u00e7\u00e3o<\/a><\/li><li class='ez-toc-page-1 ez-toc-heading-level-3'><a class=\"ez-toc-link ez-toc-heading-8\" href=\"https:\/\/auxiliadorapredial.com.br\/blog\/mercado-imobiliario-em-blumenau-oportunidades-e-tendencias\/#Valorizacao_continua\" >Valoriza\u00e7\u00e3o cont\u00ednua<\/a><\/li><li class='ez-toc-page-1 ez-toc-heading-level-3'><a class=\"ez-toc-link ez-toc-heading-9\" href=\"https:\/\/auxiliadorapredial.com.br\/blog\/mercado-imobiliario-em-blumenau-oportunidades-e-tendencias\/#Sustentabilidade_e_construcao_verde\" >Sustentabilidade e constru\u00e7\u00e3o verde<\/a><\/li><li class='ez-toc-page-1 ez-toc-heading-level-3'><a class=\"ez-toc-link ez-toc-heading-10\" href=\"https:\/\/auxiliadorapredial.com.br\/blog\/mercado-imobiliario-em-blumenau-oportunidades-e-tendencias\/#Condominios_multiuso_e_infraestrutura_compartilhada\" >Condom\u00ednios multiuso e infraestrutura compartilhada<\/a><\/li><\/ul><\/li><li class='ez-toc-page-1 ez-toc-heading-level-2'><a class=\"ez-toc-link ez-toc-heading-11\" href=\"https:\/\/auxiliadorapredial.com.br\/blog\/mercado-imobiliario-em-blumenau-oportunidades-e-tendencias\/#Oportunidades_de_investimento_em_Blumenau\" >Oportunidades de investimento em Blumenau<\/a><\/li><\/ul><\/nav><\/div>\n<h2 class=\"wp-block-heading\"><span class=\"ez-toc-section\" id=\"Crescimento_economico_e_valorizacao_imobiliaria\"><\/span><strong>Crescimento econ\u00f4mico e valoriza\u00e7\u00e3o imobili\u00e1ria<\/strong><span class=\"ez-toc-section-end\"><\/span><\/h2>\n\n\n\n<p>A economia de Blumenau se destaca como uma das mais robustas de Santa Catarina, impulsionada principalmente pela ind\u00fastria t\u00eaxtil, que mant\u00e9m forte presen\u00e7a na regi\u00e3o, e pelo setor de tecnologia da informa\u00e7\u00e3o, que cresce exponencialmente com a instala\u00e7\u00e3o de novas startups e empresas inovadoras.&nbsp;<\/p>\n\n\n\n<p>Al\u00e9m disso, a cidade conta com um com\u00e9rcio consolidado e um setor de servi\u00e7os diversificado, o que contribui para a gera\u00e7\u00e3o de empregos e o fortalecimento do poder de compra da popula\u00e7\u00e3o.<\/p>\n\n\n\n<p>Esse desenvolvimento econ\u00f4mico impacta diretamente o mercado imobili\u00e1rio em Blumenau, que em 2024 registrou uma valoriza\u00e7\u00e3o acumulada de 12,96% no pre\u00e7o m\u00e9dio do metro quadrado, atingindo R$ 7.008. Assim, superou a m\u00e9dia nacional de crescimento, que foi de 7,03% no mesmo per\u00edodo.<\/p>\n\n\n\n<figure class=\"wp-block-image size-full is-resized\"><img fetchpriority=\"high\" decoding=\"async\" width=\"826\" height=\"620\" src=\"https:\/\/www.auxiliadorapredial.com.br\/blog\/wp-content\/uploads\/mercado-imobiliario-em-blumenau-1.webp\" alt=\"\" class=\"wp-image-16648\" style=\"aspect-ratio:3\/2;object-fit:cover;width:840px;height:auto\" srcset=\"https:\/\/auxiliadorapredial.com.br\/blog\/wp-content\/uploads\/mercado-imobiliario-em-blumenau-1.webp 826w, https:\/\/auxiliadorapredial.com.br\/blog\/wp-content\/uploads\/mercado-imobiliario-em-blumenau-1-300x225.webp 300w, https:\/\/auxiliadorapredial.com.br\/blog\/wp-content\/uploads\/mercado-imobiliario-em-blumenau-1-768x576.webp 768w\" sizes=\"(max-width: 826px) 100vw, 826px\" \/><\/figure>\n\n\n\n<h2 class=\"wp-block-heading\"><span class=\"ez-toc-section\" id=\"Infraestrutura_e_qualidade_de_vida\"><\/span><strong>Infraestrutura e qualidade de vida<\/strong><span class=\"ez-toc-section-end\"><\/span><\/h2>\n\n\n\n<p>Entretanto, Blumenau tamb\u00e9m se destaca pela infraestrutura de qualidade e pelo elevado padr\u00e3o de vida que oferece aos seus moradores.<\/p>\n\n\n\n<p>A cidade tem um sistema de educa\u00e7\u00e3o consolidado, com escolas e universidades reconhecidas, como a FURB (Universidade Regional de Blumenau), al\u00e9m de uma rede de sa\u00fade bem estruturada, com hospitais como o Santa Isabel e o Santo Ant\u00f4nio. No quesito seguran\u00e7a, apresenta \u00edndices positivos, o que contribui para a atratividade do munic\u00edpio tanto para fam\u00edlias que buscam um ambiente tranquilo quanto para investidores.<\/p>\n\n\n\n<p>Mas al\u00e9m desses fatores essenciais, o munic\u00edpio encanta pela sua identidade cultural \u00fanica e pelo turismo vibrante. A forte influ\u00eancia germ\u00e2nica, resultado da imigra\u00e7\u00e3o do s\u00e9culo XIX, est\u00e1 presente na arquitetura, na gastronomia e nos eventos da cidade. Esse legado se reflete na Oktoberfest de Blumenau, a segunda maior do mundo e a maior festa alem\u00e3 fora da Alemanha.<\/p>\n\n\n\n<h3 class=\"wp-block-heading\"><span class=\"ez-toc-section\" id=\"Oktoberfest_Blumenau_a_tradicao_germanica_no_Brasil\"><\/span><strong>Oktoberfest Blumenau: a tradi\u00e7\u00e3o germ\u00e2nica no Brasil<\/strong><span class=\"ez-toc-section-end\"><\/span><\/h3>\n\n\n\n<p>A Oktoberfest \u00e9 o maior evento tur\u00edstico de Blumenau e uma das principais atra\u00e7\u00f5es do Brasil. Criada em 1984, a festa segue os moldes da tradicional Oktoberfest de Munique, na Alemanha, e acontece anualmente no m\u00eas de outubro na Vila Germ\u00e2nica, um complexo tem\u00e1tico que remete \u00e0s vilas b\u00e1varas.&nbsp;<\/p>\n\n\n\n<p>O evento atrai mais de 500 mil visitantes a cada edi\u00e7\u00e3o, movimentando a economia local e impulsionando setores como hotelaria, gastronomia e com\u00e9rcio.<\/p>\n\n\n\n<p>Durante a festa, os visitantes podem experimentar a aut\u00eantica culin\u00e1ria alem\u00e3, com pratos t\u00edpicos, como eisbein (joelho de porco), salsichas, marreco recheado e chucrute, al\u00e9m das famosas cervejas artesanais com produ\u00e7\u00e3o local. Blumenau, ali\u00e1s, \u00e9 um dos maiores polos cervejeiros do Brasil, sede de marcas como Eisenbahn e Bierland.<\/p>\n\n\n\n<h3 class=\"wp-block-heading\"><span class=\"ez-toc-section\" id=\"Turismo_e_cultura_em_Blumenau\"><\/span><strong>Turismo e cultura em Blumenau<\/strong><span class=\"ez-toc-section-end\"><\/span><\/h3>\n\n\n\n<p>Al\u00e9m da Oktoberfest, Blumenau oferece diversas atra\u00e7\u00f5es tur\u00edsticas que ressaltam sua identidade germ\u00e2nica e sua qualidade de vida. A Vila Germ\u00e2nica, por exemplo, n\u00e3o se limita \u00e0 festa de outubro \u2013 durante todo o ano, o espa\u00e7o abriga restaurantes, lojas de souvenires e eventos sazonais, como a Osterfest (festa da P\u00e1scoa) e o Natal em Blumenau.<\/p>\n\n\n\n<p>Outro destaque \u00e9 o Museu da Cerveja, onde os visitantes podem conhecer a hist\u00f3ria da produ\u00e7\u00e3o cervejeira na regi\u00e3o e sua influ\u00eancia na cultura local. J\u00e1 para quem aprecia arquitetura e hist\u00f3ria, o Museu Hering, localizado na antiga f\u00e1brica da marca, e a charmosa Rua XV de Novembro, com constru\u00e7\u00f5es preservadas do per\u00edodo colonial, s\u00e3o paradas obrigat\u00f3rias.<\/p>\n\n\n\n<p>Para os amantes da natureza, Blumenau tamb\u00e9m surpreende. A cidade \u00e9 cercada por morros e matas preservadas, com op\u00e7\u00f5es de ecoturismo e trilhas, como o Parque Spitzkopf e o Parque S\u00e3o Francisco de Assis, que proporcionam vistas incr\u00edveis da regi\u00e3o.<\/p>\n\n\n\n<p>Passeando por Santa Catarina? Aproveite para conhecer os principais <a href=\"https:\/\/www.auxiliadorapredial.com.br\/blog\/pontos-turisticos-santa-catarina\/\" target=\"_blank\" rel=\"noreferrer noopener\">pontos tur\u00edsticos do estado<\/a>!<\/p>\n\n\n\n<h2 class=\"wp-block-heading\"><span class=\"ez-toc-section\" id=\"Blumenau_uma_cidade_para_viver_e_investir\"><\/span><strong>Blumenau: uma cidade para viver e investir<\/strong><span class=\"ez-toc-section-end\"><\/span><\/h2>\n\n\n\n<p>Toda essa combina\u00e7\u00e3o de cultura, turismo, infraestrutura e qualidade de vida torna Blumenau um destino ideal tanto para quem busca um novo lar quanto para investidores imobili\u00e1rios.&nbsp;<\/p>\n\n\n\n<p>O turismo impulsiona diversos setores da economia, aumentando a demanda por im\u00f3veis, especialmente em \u00e1reas pr\u00f3ximas \u00e0s atra\u00e7\u00f5es mais populares da cidade.<\/p>\n\n\n\n<p>Com uma identidade \u00fanica, forte presen\u00e7a da cultura alem\u00e3 e um mercado imobili\u00e1rio em expans\u00e3o, Blumenau \u00e9 atualmente um dos melhores lugares do Brasil para morar e investir.<\/p>\n\n\n\n<p><strong>Vai comprar para investir? <\/strong><a href=\"https:\/\/www.auxiliadorapredial.com.br\/blog\/mercado-de-alugueis-em-2025\/\" target=\"_blank\" rel=\"noreferrer noopener\"><strong>Veja o que esperar do mercado de alugu\u00e9is em 2025!<\/strong><\/a><\/p>\n\n\n\n<h2 class=\"wp-block-heading\"><span class=\"ez-toc-section\" id=\"Tendencias_do_mercado_imobiliario_em_Blumenau\"><\/span><strong>Tend\u00eancias do mercado imobili\u00e1rio em Blumenau<\/strong><span class=\"ez-toc-section-end\"><\/span><\/h2>\n\n\n\n<p>O mercado imobili\u00e1rio de Blumenau acompanha as transforma\u00e7\u00f5es urbanas e as novas exig\u00eancias dos compradores e investidores.&nbsp;<\/p>\n\n\n\n<p>A cidade experimenta um movimento de moderniza\u00e7\u00e3o, com empreendimentos que oferecem infraestrutura sofisticada, tecnologias sustent\u00e1veis e solu\u00e7\u00f5es inteligentes.&nbsp;<\/p>\n\n\n\n<p>Al\u00e9m disso, a valoriza\u00e7\u00e3o cont\u00ednua dos im\u00f3veis refor\u00e7a a atratividade da regi\u00e3o para quem busca seguran\u00e7a e rentabilidade nos investimentos. A seguir, vamos apresentar algumas das principais <a href=\"https:\/\/www.auxiliadorapredial.com.br\/blog\/tendencias-mercado-imobiliario\/\" target=\"_blank\" rel=\"noreferrer noopener\">tend\u00eancias<\/a> que moldam o setor.<\/p>\n\n\n\n<h3 class=\"wp-block-heading\"><span class=\"ez-toc-section\" id=\"Verticalizacao_e_modernizacao\"><\/span><strong>Verticaliza\u00e7\u00e3o e moderniza\u00e7\u00e3o<\/strong><span class=\"ez-toc-section-end\"><\/span><\/h3>\n\n\n\n<p>Observa-se uma tend\u00eancia crescente de verticaliza\u00e7\u00e3o em Blumenau, com a constru\u00e7\u00e3o de edif\u00edcios modernos que atendem \u00e0s demandas por conforto e praticidade.&nbsp;<\/p>\n\n\n\n<p>Os empreendimentos recentes incorporam tecnologias avan\u00e7adas, solu\u00e7\u00f5es de automa\u00e7\u00e3o e design inovador, refletindo as expectativas dos consumidores por ambientes funcionais e esteticamente agrad\u00e1veis.<\/p>\n\n\n\n<h3 class=\"wp-block-heading\"><span class=\"ez-toc-section\" id=\"Valorizacao_continua\"><\/span><strong>Valoriza\u00e7\u00e3o cont\u00ednua<\/strong><span class=\"ez-toc-section-end\"><\/span><\/h3>\n\n\n\n<p>A valoriza\u00e7\u00e3o imobili\u00e1ria em Blumenau tem sido consistente. Como vimos, em 2024, a cidade registrou um aumento acumulado de 12,96% no pre\u00e7o m\u00e9dio do metro quadrado, atingindo R$ 7.008, superando a m\u00e9dia nacional de 7,03% no mesmo per\u00edodo. Esse crescimento reflete o aquecimento do setor e a confian\u00e7a dos investidores na regi\u00e3o.<\/p>\n\n\n\n<h3 class=\"wp-block-heading\"><span class=\"ez-toc-section\" id=\"Sustentabilidade_e_construcao_verde\"><\/span><strong>Sustentabilidade e constru\u00e7\u00e3o verde<\/strong><span class=\"ez-toc-section-end\"><\/span><\/h3>\n\n\n\n<p>A <a href=\"https:\/\/www.auxiliadorapredial.com.br\/blog\/sustentabilidade-no-mercado-imobiliario\/\" target=\"_blank\" rel=\"noreferrer noopener\">busca por empreendimentos sustent\u00e1veis<\/a> cresce em Blumenau a exemplo do movimento que acontece no restante do pa\u00eds. Dessa forma, as incorporadoras investem em solu\u00e7\u00f5es como efici\u00eancia energ\u00e9tica, reaproveitamento de \u00e1gua da chuva, ilumina\u00e7\u00e3o natural e certifica\u00e7\u00f5es ambientais, de modo a atender \u00e0 demanda por im\u00f3veis ecologicamente respons\u00e1veis e mais econ\u00f4micos a longo prazo.<\/p>\n\n\n\n<h3 class=\"wp-block-heading\"><span class=\"ez-toc-section\" id=\"Condominios_multiuso_e_infraestrutura_compartilhada\"><\/span><strong>Condom\u00ednios multiuso e infraestrutura compartilhada<\/strong><span class=\"ez-toc-section-end\"><\/span><\/h3>\n\n\n\n<p>O conceito de condom\u00ednios multiuso, que unem moradia, lazer e servi\u00e7os no mesmo espa\u00e7o, tamb\u00e9m est\u00e1 ganhando for\u00e7a na cidade. Em especial, esses locais oferecem academias, coworkings, mercados e \u00e1reas de conviv\u00eancia, tudo para proporcionar mais comodidade e praticidade aos moradores.<\/p>\n\n\n\n<figure class=\"wp-block-image size-large\"><img decoding=\"async\" width=\"1024\" height=\"684\" src=\"https:\/\/www.auxiliadorapredial.com.br\/blog\/wp-content\/uploads\/mercado-imobiliario-em-blumenau-2-1024x684.webp\" alt=\"\" class=\"wp-image-16649\" style=\"aspect-ratio:3\/2;object-fit:cover\" srcset=\"https:\/\/auxiliadorapredial.com.br\/blog\/wp-content\/uploads\/mercado-imobiliario-em-blumenau-2-1024x684.webp 1024w, https:\/\/auxiliadorapredial.com.br\/blog\/wp-content\/uploads\/mercado-imobiliario-em-blumenau-2-300x200.webp 300w, https:\/\/auxiliadorapredial.com.br\/blog\/wp-content\/uploads\/mercado-imobiliario-em-blumenau-2-768x513.webp 768w, https:\/\/auxiliadorapredial.com.br\/blog\/wp-content\/uploads\/mercado-imobiliario-em-blumenau-2.webp 1324w\" sizes=\"(max-width: 1024px) 100vw, 1024px\" \/><\/figure>\n\n\n\n<h2 class=\"wp-block-heading\"><span class=\"ez-toc-section\" id=\"Oportunidades_de_investimento_em_Blumenau\"><\/span><strong>Oportunidades de investimento em Blumenau<\/strong><span class=\"ez-toc-section-end\"><\/span><\/h2>\n\n\n\n<p>Como se v\u00ea, Blumenau destaca-se como um mercado imobili\u00e1rio em crescimento, impulsionado por uma economia forte, infraestrutura de qualidade e <a href=\"https:\/\/www.auxiliadorapredial.com.br\/blog\/potencial-de-valorizacao-de-imovel\/\" target=\"_blank\" rel=\"noreferrer noopener\">potencial de valoriza\u00e7\u00e3o<\/a> cont\u00ednuo dos im\u00f3veis.\u00a0<\/p>\n\n\n\n<p>Seja para morar ou investir, a cidade oferece oportunidades atrativas, com empreendimentos modernos e um ambiente promissor.\u00a0Para mais informa\u00e7\u00f5es e oportunidades de investimento no mercado imobili\u00e1rio em Blumenau, <a href=\"https:\/\/www.auxiliadorapredial.com.br\/fale-conosco\" target=\"_blank\" rel=\"noreferrer noopener\">entre em contato com os especialistas<\/a> da Auxiliadora Predial e conhe\u00e7a as op\u00e7\u00f5es dispon\u00edveis.<\/p>\n\n\n\n<p><\/p>\n","protected":false},"excerpt":{"rendered":"<p>Descubra as tend\u00eancias e oportunidades do mercado imobili\u00e1rio em Blumenau e veja por que investir na cidade \u00e9 uma escolha inteligente!<\/p>\n","protected":false},"author":2,"featured_media":16647,"comment_status":"open","ping_status":"open","sticky":false,"template":"","format":"standard","meta":{"footnotes":""},"categories":[306],"tags":[49,1532,1533],"class_list":["post-16646","post","type-post","status-publish","format-standard","has-post-thumbnail","hentry","category-mercado-imobiliario","tag-mercado-imobiliario","tag-mercado-imobiliario-blumenau","tag-tendencias-mercado-imobiliario"],"yoast_head":"<!-- This site is optimized with the Yoast SEO plugin v27.3 - https:\/\/yoast.com\/product\/yoast-seo-wordpress\/ -->\n<title>Mercado imobili\u00e1rio em Blumenau: oportunidades e tend\u00eancias<\/title>\n<meta name=\"description\" content=\"Descubra as tend\u00eancias e oportunidades do mercado imobili\u00e1rio em Blumenau e veja por que investir na cidade \u00e9 uma escolha inteligente!\" \/>\n<meta name=\"robots\" content=\"index, follow, max-snippet:-1, max-image-preview:large, max-video-preview:-1\" \/>\n<link rel=\"canonical\" href=\"https:\/\/auxiliadorapredial.com.br\/blog\/mercado-imobiliario-em-blumenau-oportunidades-e-tendencias\/\" \/>\n<meta property=\"og:locale\" content=\"pt_BR\" \/>\n<meta property=\"og:type\" content=\"article\" \/>\n<meta property=\"og:title\" content=\"Mercado imobili\u00e1rio em Blumenau: oportunidades e tend\u00eancias\" \/>\n<meta property=\"og:description\" content=\"Descubra as tend\u00eancias e oportunidades do mercado imobili\u00e1rio em Blumenau e veja por que investir na cidade \u00e9 uma escolha inteligente!\" \/>\n<meta property=\"og:url\" content=\"https:\/\/auxiliadorapredial.com.br\/blog\/mercado-imobiliario-em-blumenau-oportunidades-e-tendencias\/\" \/>\n<meta property=\"og:site_name\" content=\"Blog da Auxiliadora Predial - Tudo sobre im\u00f3veis e condom\u00ednios\" \/>\n<meta property=\"article:published_time\" content=\"2025-03-19T20:21:47+00:00\" \/>\n<meta property=\"article:modified_time\" content=\"2025-04-14T18:19:46+00:00\" \/>\n<meta property=\"og:image\" content=\"https:\/\/auxiliadorapredial.com.br\/blog\/wp-content\/uploads\/mercado-imobiliario-em-blumenau-Capa.webp\" \/>\n\t<meta property=\"og:image:width\" content=\"800\" \/>\n\t<meta property=\"og:image:height\" content=\"533\" \/>\n\t<meta property=\"og:image:type\" content=\"image\/webp\" \/>\n<meta name=\"author\" content=\"Auxiliadora Predial\" \/>\n<meta name=\"twitter:card\" content=\"summary_large_image\" \/>\n<meta name=\"twitter:label1\" content=\"Escrito por\" \/>\n\t<meta name=\"twitter:data1\" content=\"Auxiliadora Predial\" \/>\n\t<meta name=\"twitter:label2\" content=\"Est. tempo de leitura\" \/>\n\t<meta name=\"twitter:data2\" content=\"7 minutos\" \/>\n<script type=\"application\/ld+json\" class=\"yoast-schema-graph\">{\"@context\":\"https:\\\/\\\/schema.org\",\"@graph\":[{\"@type\":\"Article\",\"@id\":\"https:\\\/\\\/auxiliadorapredial.com.br\\\/blog\\\/mercado-imobiliario-em-blumenau-oportunidades-e-tendencias\\\/#article\",\"isPartOf\":{\"@id\":\"https:\\\/\\\/auxiliadorapredial.com.br\\\/blog\\\/mercado-imobiliario-em-blumenau-oportunidades-e-tendencias\\\/\"},\"author\":{\"name\":\"Auxiliadora Predial\",\"@id\":\"https:\\\/\\\/www.auxiliadorapredial.com.br\\\/blog\\\/#\\\/schema\\\/person\\\/851e4e4185bc716576f2f383ed94ae33\"},\"headline\":\"Mercado imobili\u00e1rio em Blumenau: oportunidades e tend\u00eancias\",\"datePublished\":\"2025-03-19T20:21:47+00:00\",\"dateModified\":\"2025-04-14T18:19:46+00:00\",\"mainEntityOfPage\":{\"@id\":\"https:\\\/\\\/auxiliadorapredial.com.br\\\/blog\\\/mercado-imobiliario-em-blumenau-oportunidades-e-tendencias\\\/\"},\"wordCount\":1309,\"commentCount\":0,\"image\":{\"@id\":\"https:\\\/\\\/auxiliadorapredial.com.br\\\/blog\\\/mercado-imobiliario-em-blumenau-oportunidades-e-tendencias\\\/#primaryimage\"},\"thumbnailUrl\":\"https:\\\/\\\/auxiliadorapredial.com.br\\\/blog\\\/wp-content\\\/uploads\\\/mercado-imobiliario-em-blumenau-Capa.webp\",\"keywords\":[\"mercado imobili\u00e1rio\",\"Mercado imobili\u00e1rio Blumenau\",\"Tend\u00eancias mercado imobili\u00e1rio\"],\"articleSection\":[\"Mercado Imobili\u00e1rio\"],\"inLanguage\":\"pt-BR\",\"potentialAction\":[{\"@type\":\"CommentAction\",\"name\":\"Comment\",\"target\":[\"https:\\\/\\\/auxiliadorapredial.com.br\\\/blog\\\/mercado-imobiliario-em-blumenau-oportunidades-e-tendencias\\\/#respond\"]}]},{\"@type\":\"WebPage\",\"@id\":\"https:\\\/\\\/auxiliadorapredial.com.br\\\/blog\\\/mercado-imobiliario-em-blumenau-oportunidades-e-tendencias\\\/\",\"url\":\"https:\\\/\\\/auxiliadorapredial.com.br\\\/blog\\\/mercado-imobiliario-em-blumenau-oportunidades-e-tendencias\\\/\",\"name\":\"Mercado imobili\u00e1rio em Blumenau: oportunidades e tend\u00eancias\",\"isPartOf\":{\"@id\":\"https:\\\/\\\/www.auxiliadorapredial.com.br\\\/blog\\\/#website\"},\"primaryImageOfPage\":{\"@id\":\"https:\\\/\\\/auxiliadorapredial.com.br\\\/blog\\\/mercado-imobiliario-em-blumenau-oportunidades-e-tendencias\\\/#primaryimage\"},\"image\":{\"@id\":\"https:\\\/\\\/auxiliadorapredial.com.br\\\/blog\\\/mercado-imobiliario-em-blumenau-oportunidades-e-tendencias\\\/#primaryimage\"},\"thumbnailUrl\":\"https:\\\/\\\/auxiliadorapredial.com.br\\\/blog\\\/wp-content\\\/uploads\\\/mercado-imobiliario-em-blumenau-Capa.webp\",\"datePublished\":\"2025-03-19T20:21:47+00:00\",\"dateModified\":\"2025-04-14T18:19:46+00:00\",\"author\":{\"@id\":\"https:\\\/\\\/www.auxiliadorapredial.com.br\\\/blog\\\/#\\\/schema\\\/person\\\/851e4e4185bc716576f2f383ed94ae33\"},\"description\":\"Descubra as tend\u00eancias e oportunidades do mercado imobili\u00e1rio em Blumenau e veja por que investir na cidade \u00e9 uma escolha inteligente!\",\"inLanguage\":\"pt-BR\",\"potentialAction\":[{\"@type\":\"ReadAction\",\"target\":[\"https:\\\/\\\/auxiliadorapredial.com.br\\\/blog\\\/mercado-imobiliario-em-blumenau-oportunidades-e-tendencias\\\/\"]}]},{\"@type\":\"ImageObject\",\"inLanguage\":\"pt-BR\",\"@id\":\"https:\\\/\\\/auxiliadorapredial.com.br\\\/blog\\\/mercado-imobiliario-em-blumenau-oportunidades-e-tendencias\\\/#primaryimage\",\"url\":\"https:\\\/\\\/auxiliadorapredial.com.br\\\/blog\\\/wp-content\\\/uploads\\\/mercado-imobiliario-em-blumenau-Capa.webp\",\"contentUrl\":\"https:\\\/\\\/auxiliadorapredial.com.br\\\/blog\\\/wp-content\\\/uploads\\\/mercado-imobiliario-em-blumenau-Capa.webp\",\"width\":800,\"height\":533,\"caption\":\"mercado imobiliario em blumenau - Capa\"},{\"@type\":\"WebSite\",\"@id\":\"https:\\\/\\\/www.auxiliadorapredial.com.br\\\/blog\\\/#website\",\"url\":\"https:\\\/\\\/www.auxiliadorapredial.com.br\\\/blog\\\/\",\"name\":\"Blog da Auxiliadora Predial - Tudo sobre im\u00f3veis e condom\u00ednios\",\"description\":\"Dicas da Auxiliadora Predial sobre aluguel, compra e venda de im\u00f3veis, al\u00e9m de condom\u00ednios. Imobili\u00e1ria em Porto Alegre e interior do RS, Santa Catarina e S\u00e3o Paulo.\",\"potentialAction\":[{\"@type\":\"SearchAction\",\"target\":{\"@type\":\"EntryPoint\",\"urlTemplate\":\"https:\\\/\\\/www.auxiliadorapredial.com.br\\\/blog\\\/?s={search_term_string}\"},\"query-input\":{\"@type\":\"PropertyValueSpecification\",\"valueRequired\":true,\"valueName\":\"search_term_string\"}}],\"inLanguage\":\"pt-BR\"},{\"@type\":\"Person\",\"@id\":\"https:\\\/\\\/www.auxiliadorapredial.com.br\\\/blog\\\/#\\\/schema\\\/person\\\/851e4e4185bc716576f2f383ed94ae33\",\"name\":\"Auxiliadora Predial\",\"image\":{\"@type\":\"ImageObject\",\"inLanguage\":\"pt-BR\",\"@id\":\"https:\\\/\\\/secure.gravatar.com\\\/avatar\\\/96f819f3615570f75bc98a819541afa2cb796cbdd9086c22d71a1b162f1cd305?s=96&d=mm&r=g\",\"url\":\"https:\\\/\\\/secure.gravatar.com\\\/avatar\\\/96f819f3615570f75bc98a819541afa2cb796cbdd9086c22d71a1b162f1cd305?s=96&d=mm&r=g\",\"contentUrl\":\"https:\\\/\\\/secure.gravatar.com\\\/avatar\\\/96f819f3615570f75bc98a819541afa2cb796cbdd9086c22d71a1b162f1cd305?s=96&d=mm&r=g\",\"caption\":\"Auxiliadora Predial\"}}]}<\/script>\n<!-- \/ Yoast SEO plugin. -->","yoast_head_json":{"title":"Mercado imobili\u00e1rio em Blumenau: oportunidades e tend\u00eancias","description":"Descubra as tend\u00eancias e oportunidades do mercado imobili\u00e1rio em Blumenau e veja por que investir na cidade \u00e9 uma escolha inteligente!","robots":{"index":"index","follow":"follow","max-snippet":"max-snippet:-1","max-image-preview":"max-image-preview:large","max-video-preview":"max-video-preview:-1"},"canonical":"https:\/\/auxiliadorapredial.com.br\/blog\/mercado-imobiliario-em-blumenau-oportunidades-e-tendencias\/","og_locale":"pt_BR","og_type":"article","og_title":"Mercado imobili\u00e1rio em Blumenau: oportunidades e tend\u00eancias","og_description":"Descubra as tend\u00eancias e oportunidades do mercado imobili\u00e1rio em Blumenau e veja por que investir na cidade \u00e9 uma escolha inteligente!","og_url":"https:\/\/auxiliadorapredial.com.br\/blog\/mercado-imobiliario-em-blumenau-oportunidades-e-tendencias\/","og_site_name":"Blog da Auxiliadora Predial - Tudo sobre im\u00f3veis e condom\u00ednios","article_published_time":"2025-03-19T20:21:47+00:00","article_modified_time":"2025-04-14T18:19:46+00:00","og_image":[{"width":800,"height":533,"url":"https:\/\/auxiliadorapredial.com.br\/blog\/wp-content\/uploads\/mercado-imobiliario-em-blumenau-Capa.webp","type":"image\/webp"}],"author":"Auxiliadora Predial","twitter_card":"summary_large_image","twitter_misc":{"Escrito por":"Auxiliadora Predial","Est. tempo de leitura":"7 minutos"},"schema":{"@context":"https:\/\/schema.org","@graph":[{"@type":"Article","@id":"https:\/\/auxiliadorapredial.com.br\/blog\/mercado-imobiliario-em-blumenau-oportunidades-e-tendencias\/#article","isPartOf":{"@id":"https:\/\/auxiliadorapredial.com.br\/blog\/mercado-imobiliario-em-blumenau-oportunidades-e-tendencias\/"},"author":{"name":"Auxiliadora Predial","@id":"https:\/\/www.auxiliadorapredial.com.br\/blog\/#\/schema\/person\/851e4e4185bc716576f2f383ed94ae33"},"headline":"Mercado imobili\u00e1rio em Blumenau: oportunidades e tend\u00eancias","datePublished":"2025-03-19T20:21:47+00:00","dateModified":"2025-04-14T18:19:46+00:00","mainEntityOfPage":{"@id":"https:\/\/auxiliadorapredial.com.br\/blog\/mercado-imobiliario-em-blumenau-oportunidades-e-tendencias\/"},"wordCount":1309,"commentCount":0,"image":{"@id":"https:\/\/auxiliadorapredial.com.br\/blog\/mercado-imobiliario-em-blumenau-oportunidades-e-tendencias\/#primaryimage"},"thumbnailUrl":"https:\/\/auxiliadorapredial.com.br\/blog\/wp-content\/uploads\/mercado-imobiliario-em-blumenau-Capa.webp","keywords":["mercado imobili\u00e1rio","Mercado imobili\u00e1rio Blumenau","Tend\u00eancias mercado imobili\u00e1rio"],"articleSection":["Mercado Imobili\u00e1rio"],"inLanguage":"pt-BR","potentialAction":[{"@type":"CommentAction","name":"Comment","target":["https:\/\/auxiliadorapredial.com.br\/blog\/mercado-imobiliario-em-blumenau-oportunidades-e-tendencias\/#respond"]}]},{"@type":"WebPage","@id":"https:\/\/auxiliadorapredial.com.br\/blog\/mercado-imobiliario-em-blumenau-oportunidades-e-tendencias\/","url":"https:\/\/auxiliadorapredial.com.br\/blog\/mercado-imobiliario-em-blumenau-oportunidades-e-tendencias\/","name":"Mercado imobili\u00e1rio em Blumenau: oportunidades e tend\u00eancias","isPartOf":{"@id":"https:\/\/www.auxiliadorapredial.com.br\/blog\/#website"},"primaryImageOfPage":{"@id":"https:\/\/auxiliadorapredial.com.br\/blog\/mercado-imobiliario-em-blumenau-oportunidades-e-tendencias\/#primaryimage"},"image":{"@id":"https:\/\/auxiliadorapredial.com.br\/blog\/mercado-imobiliario-em-blumenau-oportunidades-e-tendencias\/#primaryimage"},"thumbnailUrl":"https:\/\/auxiliadorapredial.com.br\/blog\/wp-content\/uploads\/mercado-imobiliario-em-blumenau-Capa.webp","datePublished":"2025-03-19T20:21:47+00:00","dateModified":"2025-04-14T18:19:46+00:00","author":{"@id":"https:\/\/www.auxiliadorapredial.com.br\/blog\/#\/schema\/person\/851e4e4185bc716576f2f383ed94ae33"},"description":"Descubra as tend\u00eancias e oportunidades do mercado imobili\u00e1rio em Blumenau e veja por que investir na cidade \u00e9 uma escolha inteligente!","inLanguage":"pt-BR","potentialAction":[{"@type":"ReadAction","target":["https:\/\/auxiliadorapredial.com.br\/blog\/mercado-imobiliario-em-blumenau-oportunidades-e-tendencias\/"]}]},{"@type":"ImageObject","inLanguage":"pt-BR","@id":"https:\/\/auxiliadorapredial.com.br\/blog\/mercado-imobiliario-em-blumenau-oportunidades-e-tendencias\/#primaryimage","url":"https:\/\/auxiliadorapredial.com.br\/blog\/wp-content\/uploads\/mercado-imobiliario-em-blumenau-Capa.webp","contentUrl":"https:\/\/auxiliadorapredial.com.br\/blog\/wp-content\/uploads\/mercado-imobiliario-em-blumenau-Capa.webp","width":800,"height":533,"caption":"mercado imobiliario em blumenau - Capa"},{"@type":"WebSite","@id":"https:\/\/www.auxiliadorapredial.com.br\/blog\/#website","url":"https:\/\/www.auxiliadorapredial.com.br\/blog\/","name":"Blog da Auxiliadora Predial - Tudo sobre im\u00f3veis e condom\u00ednios","description":"Dicas da Auxiliadora Predial sobre aluguel, compra e venda de im\u00f3veis, al\u00e9m de condom\u00ednios. Imobili\u00e1ria em Porto Alegre e interior do RS, Santa Catarina e S\u00e3o Paulo.","potentialAction":[{"@type":"SearchAction","target":{"@type":"EntryPoint","urlTemplate":"https:\/\/www.auxiliadorapredial.com.br\/blog\/?s={search_term_string}"},"query-input":{"@type":"PropertyValueSpecification","valueRequired":true,"valueName":"search_term_string"}}],"inLanguage":"pt-BR"},{"@type":"Person","@id":"https:\/\/www.auxiliadorapredial.com.br\/blog\/#\/schema\/person\/851e4e4185bc716576f2f383ed94ae33","name":"Auxiliadora Predial","image":{"@type":"ImageObject","inLanguage":"pt-BR","@id":"https:\/\/secure.gravatar.com\/avatar\/96f819f3615570f75bc98a819541afa2cb796cbdd9086c22d71a1b162f1cd305?s=96&d=mm&r=g","url":"https:\/\/secure.gravatar.com\/avatar\/96f819f3615570f75bc98a819541afa2cb796cbdd9086c22d71a1b162f1cd305?s=96&d=mm&r=g","contentUrl":"https:\/\/secure.gravatar.com\/avatar\/96f819f3615570f75bc98a819541afa2cb796cbdd9086c22d71a1b162f1cd305?s=96&d=mm&r=g","caption":"Auxiliadora Predial"}}]}},"views":2010,"_links":{"self":[{"href":"https:\/\/auxiliadorapredial.com.br\/blog\/wp-json\/wp\/v2\/posts\/16646","targetHints":{"allow":["GET"]}}],"collection":[{"href":"https:\/\/auxiliadorapredial.com.br\/blog\/wp-json\/wp\/v2\/posts"}],"about":[{"href":"https:\/\/auxiliadorapredial.com.br\/blog\/wp-json\/wp\/v2\/types\/post"}],"author":[{"embeddable":true,"href":"https:\/\/auxiliadorapredial.com.br\/blog\/wp-json\/wp\/v2\/users\/2"}],"replies":[{"embeddable":true,"href":"https:\/\/auxiliadorapredial.com.br\/blog\/wp-json\/wp\/v2\/comments?post=16646"}],"version-history":[{"count":3,"href":"https:\/\/auxiliadorapredial.com.br\/blog\/wp-json\/wp\/v2\/posts\/16646\/revisions"}],"predecessor-version":[{"id":16694,"href":"https:\/\/auxiliadorapredial.com.br\/blog\/wp-json\/wp\/v2\/posts\/16646\/revisions\/16694"}],"wp:featuredmedia":[{"embeddable":true,"href":"https:\/\/auxiliadorapredial.com.br\/blog\/wp-json\/wp\/v2\/media\/16647"}],"wp:attachment":[{"href":"https:\/\/auxiliadorapredial.com.br\/blog\/wp-json\/wp\/v2\/media?parent=16646"}],"wp:term":[{"taxonomy":"category","embeddable":true,"href":"https:\/\/auxiliadorapredial.com.br\/blog\/wp-json\/wp\/v2\/categories?post=16646"},{"taxonomy":"post_tag","embeddable":true,"href":"https:\/\/auxiliadorapredial.com.br\/blog\/wp-json\/wp\/v2\/tags?post=16646"}],"curies":[{"name":"wp","href":"https:\/\/api.w.org\/{rel}","templated":true}]}}