{"id":14875,"date":"2024-02-14T08:52:04","date_gmt":"2024-02-14T11:52:04","guid":{"rendered":"https:\/\/www.auxiliadorapredial.com.br\/blog\/?p=14875"},"modified":"2024-12-17T10:14:24","modified_gmt":"2024-12-17T13:14:24","slug":"ar-condicionado-em-apartamento","status":"publish","type":"post","link":"https:\/\/auxiliadorapredial.com.br\/blog\/ar-condicionado-em-apartamento\/","title":{"rendered":"Ar-condicionado em apartamento: quais as regras?"},"content":{"rendered":"\n<p>Devido ao aumento das frequ\u00eancias das ondas de calor e o auge do ver\u00e3o, muitas pessoas est\u00e3o procurando op\u00e7\u00f5es para mais conforto em seus lares e a busca por um <strong>ar-condicionado<\/strong> sempre aumenta em per\u00edodos de temperaturas elevadas. <strong>Contudo, ao morar em um <a href=\"https:\/\/auxiliadorapredial.com.br\/blog\/gestao-financeira-em-condominio-como-garantir-mais-transparencia-e-seguranca\/\">condom\u00ednio<\/a>, algumas regras precisam ser seguidas.<\/strong><\/p>\n\n\n\n<p><br>Nesta publica\u00e7\u00e3o, voc\u00ea ir\u00e1 descobrir quais s\u00e3o as poss\u00edveis limita\u00e7\u00f5es que podem existir na sua <a href=\"https:\/\/www.auxiliadorapredial.com.br\/blog\/o-que-e-convencao-de-condominio\/\" target=\"_blank\" rel=\"noreferrer noopener\"><strong>conven\u00e7\u00e3o de condom\u00ednio<\/strong><\/a>, o que pode ser conversado e at\u00e9 dicas para instalar da forma mais segura poss\u00edvel. Continue conosco!<\/p>\n\n\n\n<div id=\"ez-toc-container\" class=\"ez-toc-v2_0_82_2 counter-hierarchy ez-toc-counter ez-toc-transparent ez-toc-container-direction\">\n<p class=\"ez-toc-title\" style=\"cursor:inherit\">Navegue pelo conte\u00fado<\/p>\n<label for=\"ez-toc-cssicon-toggle-item-69f53258ae4bb\" class=\"ez-toc-cssicon-toggle-label\"><span class=\"\"><span class=\"eztoc-hide\" style=\"display:none;\">Toggle<\/span><span class=\"ez-toc-icon-toggle-span\"><svg style=\"fill: #000000;color:#000000\" xmlns=\"http:\/\/www.w3.org\/2000\/svg\" class=\"list-377408\" width=\"20px\" height=\"20px\" viewBox=\"0 0 24 24\" fill=\"none\"><path d=\"M6 6H4v2h2V6zm14 0H8v2h12V6zM4 11h2v2H4v-2zm16 0H8v2h12v-2zM4 16h2v2H4v-2zm16 0H8v2h12v-2z\" fill=\"currentColor\"><\/path><\/svg><svg style=\"fill: #000000;color:#000000\" class=\"arrow-unsorted-368013\" xmlns=\"http:\/\/www.w3.org\/2000\/svg\" width=\"10px\" height=\"10px\" viewBox=\"0 0 24 24\" version=\"1.2\" baseProfile=\"tiny\"><path d=\"M18.2 9.3l-6.2-6.3-6.2 6.3c-.2.2-.3.4-.3.7s.1.5.3.7c.2.2.4.3.7.3h11c.3 0 .5-.1.7-.3.2-.2.3-.5.3-.7s-.1-.5-.3-.7zM5.8 14.7l6.2 6.3 6.2-6.3c.2-.2.3-.5.3-.7s-.1-.5-.3-.7c-.2-.2-.4-.3-.7-.3h-11c-.3 0-.5.1-.7.3-.2.2-.3.5-.3.7s.1.5.3.7z\"\/><\/svg><\/span><\/span><\/label><input type=\"checkbox\"  id=\"ez-toc-cssicon-toggle-item-69f53258ae4bb\"  aria-label=\"Alternar\" \/><nav><ul class='ez-toc-list ez-toc-list-level-1 ' ><li class='ez-toc-page-1 ez-toc-heading-level-2'><a class=\"ez-toc-link ez-toc-heading-1\" href=\"https:\/\/auxiliadorapredial.com.br\/blog\/ar-condicionado-em-apartamento\/#Estrutura_do_predio\" >Estrutura do pr\u00e9dio<\/a><\/li><li class='ez-toc-page-1 ez-toc-heading-level-2'><a class=\"ez-toc-link ez-toc-heading-2\" href=\"https:\/\/auxiliadorapredial.com.br\/blog\/ar-condicionado-em-apartamento\/#Consumo_de_energia_eletrica_do_ar-condicionado\" >Consumo de energia el\u00e9trica do ar-condicionado<\/a><\/li><li class='ez-toc-page-1 ez-toc-heading-level-2'><a class=\"ez-toc-link ez-toc-heading-3\" href=\"https:\/\/auxiliadorapredial.com.br\/blog\/ar-condicionado-em-apartamento\/#Barulho_do_ar-condicionado\" >Barulho do ar-condicionado<\/a><\/li><li class='ez-toc-page-1 ez-toc-heading-level-2'><a class=\"ez-toc-link ez-toc-heading-4\" href=\"https:\/\/auxiliadorapredial.com.br\/blog\/ar-condicionado-em-apartamento\/#Questoes_esteticas_do_condominio\" >Quest\u00f5es est\u00e9ticas do condom\u00ednio<\/a><\/li><li class='ez-toc-page-1 ez-toc-heading-level-2'><a class=\"ez-toc-link ez-toc-heading-5\" href=\"https:\/\/auxiliadorapredial.com.br\/blog\/ar-condicionado-em-apartamento\/#Como_instalar_o_seu_ar-condicionado_em_apartamento\" >Como instalar o seu ar-condicionado em apartamento<\/a><\/li><li class='ez-toc-page-1 ez-toc-heading-level-2'><a class=\"ez-toc-link ez-toc-heading-6\" href=\"https:\/\/auxiliadorapredial.com.br\/blog\/ar-condicionado-em-apartamento\/#Conheca_a_administracao_de_condominios_da_Auxiliadora_Predial\" >Conhe\u00e7a a administra\u00e7\u00e3o de condom\u00ednios da Auxiliadora Predial!<\/a><\/li><\/ul><\/nav><\/div>\n<h2 class=\"wp-block-heading\"><span class=\"ez-toc-section\" id=\"Estrutura_do_predio\"><\/span><strong>Estrutura do pr\u00e9dio<\/strong><span class=\"ez-toc-section-end\"><\/span><\/h2>\n\n\n\n<p>Especialmente em condom\u00ednios mais antigos, existe uma impossibilidade de instalar o ar-condicionado tradicional pela falta de estrutura do edif\u00edcio, j\u00e1 que a arquitetura n\u00e3o foi pensada para o aparelho de parede.<\/p>\n\n\n\n<p><br>Nessas situa\u00e7\u00f5es, <strong>op\u00e7\u00f5es como o ar-condicionado port\u00e1til podem ser a solu\u00e7\u00e3o<\/strong>, caso a rede el\u00e9trica n\u00e3o comporte as op\u00e7\u00f5es tradicionais por ser muito antiga.<\/p>\n\n\n\n<figure class=\"wp-block-image size-full\"><img fetchpriority=\"high\" decoding=\"async\" width=\"996\" height=\"664\" src=\"https:\/\/www.auxiliadorapredial.com.br\/blog\/wp-content\/uploads\/ar-condicionado-em-apartamento-3.webp\" alt=\"Ar-condicionado em apartamento: quais as regras?\" class=\"wp-image-14876\" srcset=\"https:\/\/auxiliadorapredial.com.br\/blog\/wp-content\/uploads\/ar-condicionado-em-apartamento-3.webp 996w, https:\/\/auxiliadorapredial.com.br\/blog\/wp-content\/uploads\/ar-condicionado-em-apartamento-3-300x200.webp 300w, https:\/\/auxiliadorapredial.com.br\/blog\/wp-content\/uploads\/ar-condicionado-em-apartamento-3-768x512.webp 768w\" sizes=\"(max-width: 996px) 100vw, 996px\" \/><\/figure>\n\n\n\n<h2 class=\"wp-block-heading\"><span class=\"ez-toc-section\" id=\"Consumo_de_energia_eletrica_do_ar-condicionado\"><\/span><strong>Consumo de energia el\u00e9trica do ar-condicionado<\/strong><span class=\"ez-toc-section-end\"><\/span><\/h2>\n\n\n\n<p>Apesar da conta de luz pela energia do ar-condicionado em apartamento ser paga por resid\u00eancia, alguns pr\u00e9dios podem n\u00e3o ter a capacidade de rede el\u00e9trica para certos modelos de eletr\u00f4nicos, j\u00e1 que pode gerar sobrecarga na fia\u00e7\u00e3o e causar diversos problemas.<\/p>\n\n\n\n<p><br><strong>Antes de fazer qualquer instala\u00e7\u00e3o, \u00e9 muito importante conversar com o s\u00edndico para entender os limites de consumo e voltagem de cada unidade. <\/strong>Dessa forma, \u00e9 poss\u00edvel evitar desde a queima de aparelhos at\u00e9 inc\u00eandios, al\u00e9m de entender se op\u00e7\u00f5es de ar mais econ\u00f4micas s\u00e3o vi\u00e1veis.<\/p>\n\n\n\n<figure class=\"wp-block-image size-full\"><img decoding=\"async\" width=\"996\" height=\"664\" src=\"https:\/\/www.auxiliadorapredial.com.br\/blog\/wp-content\/uploads\/ar-condicionado-em-apartamento-2.jpg\" alt=\"Ar-condicionado em apartamento: quais as regras?\" class=\"wp-image-14877\" srcset=\"https:\/\/auxiliadorapredial.com.br\/blog\/wp-content\/uploads\/ar-condicionado-em-apartamento-2.jpg 996w, https:\/\/auxiliadorapredial.com.br\/blog\/wp-content\/uploads\/ar-condicionado-em-apartamento-2-300x200.jpg 300w, https:\/\/auxiliadorapredial.com.br\/blog\/wp-content\/uploads\/ar-condicionado-em-apartamento-2-768x512.jpg 768w\" sizes=\"(max-width: 996px) 100vw, 996px\" \/><\/figure>\n\n\n\n<p><strong>Leia tamb\u00e9m:<\/strong><\/p>\n\n\n\n<p><br><a href=\"https:\/\/www.auxiliadorapredial.com.br\/blog\/apartamento-mobiliado-para-alugar-veja-vantagens-e-cuidados\/\" target=\"_blank\" rel=\"noreferrer noopener\">Apartamento mobiliado para alugar: veja vantagens e desvantagens<\/a><\/p>\n\n\n\n<p><a href=\"https:\/\/www.auxiliadorapredial.com.br\/blog\/reforma-de-apartamento-alugado-o-que-o-inquilino-pode-fazer\/\" target=\"_blank\" rel=\"noreferrer noopener\">Reforma de apartamento alugado: o que o inquilino pode fazer?<\/a><\/p>\n\n\n\n<h2 class=\"wp-block-heading\"><span class=\"ez-toc-section\" id=\"Barulho_do_ar-condicionado\"><\/span><strong>Barulho do ar-condicionado<\/strong><span class=\"ez-toc-section-end\"><\/span><\/h2>\n\n\n\n<p>Devido a quest\u00f5es como a <a href=\"https:\/\/www.auxiliadorapredial.com.br\/blog\/descubra-como-funciona-a-lei-do-silencio-em-condominios\/\" target=\"_blank\" rel=\"noreferrer noopener\">Lei de Sil\u00eancio em Condom\u00ednios<\/a> e quest\u00f5es com a polui\u00e7\u00e3o sonora, <strong>modelos de ar que fa\u00e7am um barulho especialmente acima de 50dB podem ser limitados pela administra\u00e7\u00e3o do condom\u00ednio em conven\u00e7\u00f5es previamente agendadas. <\/strong><\/p>\n\n\n\n<p><br><strong>Atualmente, os eletr\u00f4nicos mais modernos possuem uma redu\u00e7\u00e3o ou at\u00e9 mesmo elimina\u00e7\u00e3o de ru\u00eddo<\/strong>. Contudo, modelos mais acess\u00edveis podem ter um volume mais alto. Portanto, pesquise bem quais s\u00e3o as restri\u00e7\u00f5es e procure sempre os que possam causar menos discord\u00e2ncias.<\/p>\n\n\n\n<h2 class=\"wp-block-heading\"><span class=\"ez-toc-section\" id=\"Questoes_esteticas_do_condominio\"><\/span><strong>Quest\u00f5es est\u00e9ticas do condom\u00ednio<\/strong><span class=\"ez-toc-section-end\"><\/span><\/h2>\n\n\n\n<p><strong><br>Alguns empreendimentos, especialmente de alto padr\u00e3o, exigem que as janelas dos seus apartamentos n\u00e3o tenham o ar-condicionado, levando em considera\u00e7\u00e3o a arquitetura e todo o pensamento est\u00e9tico<\/strong> tamb\u00e9m feito pela engenharia da construtora.<\/p>\n\n\n\n<p><br>Nestes casos, os pr\u00e9dios provavelmente possuem a capacidade para suportar o condicionamento de ar com uma \u00e1rea t\u00e9cnica determinada anteriormente, al\u00e9m das op\u00e7\u00f5es de ar port\u00e1til e split.. N\u00e3o deixe de conversar com o s\u00edndico para n\u00e3o ter problemas!<\/p>\n\n\n\n<figure class=\"wp-block-image size-full\"><img decoding=\"async\" src=\"https:\/\/www.auxiliadorapredial.com.br\/blog\/wp-content\/uploads\/ar-condicionado-em-condominio-4.webp\" alt=\"Ar-condicionado em apartamento: quais as regras?\" class=\"wp-image-14878\"\/><\/figure>\n\n\n\n<h2 class=\"wp-block-heading\"><span class=\"ez-toc-section\" id=\"Como_instalar_o_seu_ar-condicionado_em_apartamento\"><\/span><strong>Como instalar o seu ar-condicionado em apartamento<\/strong><span class=\"ez-toc-section-end\"><\/span><\/h2>\n\n\n\n<p><strong>Os modelos mais tradicionais, assim como os port\u00e1teis, precisam de pouqu\u00edssimo para serem instalados<\/strong>, j\u00e1 que funcionam apenas com a inser\u00e7\u00e3o na tomada adequada para a sua voltagem e capacidade el\u00e9trica adequada.<\/p>\n\n\n\n<p><br>Contudo, o ar-condicionado split, considerado o mais moderno, conta com duas unidades e possui um processo de veda\u00e7\u00e3o e cabos que precisam ser feitos com cuidado. <strong>A contrata\u00e7\u00e3o de um t\u00e9cnico especializado \u00e9 recomendado para que n\u00e3o ocorram danos.<\/strong><\/p>\n\n\n\n<h2 class=\"wp-block-heading\"><span class=\"ez-toc-section\" id=\"Conheca_a_administracao_de_condominios_da_Auxiliadora_Predial\"><\/span><strong>Conhe\u00e7a a administra\u00e7\u00e3o de condom\u00ednios da Auxiliadora Predial!<\/strong><span class=\"ez-toc-section-end\"><\/span><\/h2>\n\n\n\n<p>\u00c0s vezes, organizar todas as regras, conven\u00e7\u00f5es e novas normas pode ser um desafio para a administra\u00e7\u00e3o do seu condom\u00ednio. <strong>Nestes momentos, conte com o aux\u00edlio da Auxiliadora Predial!<\/strong><\/p>\n\n\n\n<p><br><strong>Desde 1931 no mercado imobili\u00e1rio,<\/strong> cuidamos de todas as etapas para voc\u00ea, incluindo o <strong>financeiro, <a href=\"https:\/\/auxiliadorapredial.com.br\/blog\/portaria-em-condominios\/\">portaria<\/a>, assembleias, documenta\u00e7\u00e3o, gest\u00e3o de pessoas e muito mais!<\/strong><\/p>\n\n\n\n<p><br>Acesse nossa <a href=\"https:\/\/www.auxiliadorapredial.com.br\/condominios\" target=\"_blank\" rel=\"noreferrer noopener\">p\u00e1gina de condom\u00ednios<\/a> e saiba mais sobre os nossos servi\u00e7os! Para mais dicas do universo dos im\u00f3veis, <a href=\"https:\/\/www.auxiliadorapredial.com.br\/blog\" target=\"_blank\" rel=\"noreferrer noopener\">acesse o nosso Blog<\/a>.<\/p>\n","protected":false},"excerpt":{"rendered":"<p>Veja, nesta publica\u00e7\u00e3o, quais s\u00e3o as principais regras na instala\u00e7\u00e3o e utiliza\u00e7\u00e3o de ar condicionado em apartamento!<\/p>\n","protected":false},"author":8,"featured_media":14879,"comment_status":"open","ping_status":"open","sticky":false,"template":"","format":"standard","meta":{"footnotes":""},"categories":[307],"tags":[561,1180,1181,1183,1182],"class_list":["post-14875","post","type-post","status-publish","format-standard","has-post-thumbnail","hentry","category-meu-lar","tag-apartamento","tag-ar-condicionado","tag-ar-condicionado-em-apartamento","tag-instalar-ar-condicionado-em-apartamento","tag-regras-de-ar-condicionado-em-apartamento"],"yoast_head":"<!-- This site is optimized with the Yoast SEO plugin v27.3 - https:\/\/yoast.com\/product\/yoast-seo-wordpress\/ -->\n<title>Ar-condicionado em apartamento: quais as regras? - Blog da Auxiliadora Predial - Tudo sobre im\u00f3veis e condom\u00ednios<\/title>\n<meta name=\"description\" content=\"Veja, nesta publica\u00e7\u00e3o, quais s\u00e3o as principais regras na instala\u00e7\u00e3o e utiliza\u00e7\u00e3o de ar condicionado em apartamento!\" \/>\n<meta name=\"robots\" content=\"index, follow, max-snippet:-1, max-image-preview:large, max-video-preview:-1\" \/>\n<link rel=\"canonical\" href=\"https:\/\/auxiliadorapredial.com.br\/blog\/ar-condicionado-em-apartamento\/\" \/>\n<meta property=\"og:locale\" content=\"pt_BR\" \/>\n<meta property=\"og:type\" content=\"article\" \/>\n<meta property=\"og:title\" content=\"Ar-condicionado em apartamento: quais as regras? - Blog da Auxiliadora Predial - Tudo sobre im\u00f3veis e condom\u00ednios\" \/>\n<meta property=\"og:description\" content=\"Veja, nesta publica\u00e7\u00e3o, quais s\u00e3o as principais regras na instala\u00e7\u00e3o e utiliza\u00e7\u00e3o de ar condicionado em apartamento!\" \/>\n<meta property=\"og:url\" content=\"https:\/\/auxiliadorapredial.com.br\/blog\/ar-condicionado-em-apartamento\/\" \/>\n<meta property=\"og:site_name\" content=\"Blog da Auxiliadora Predial - Tudo sobre im\u00f3veis e condom\u00ednios\" \/>\n<meta property=\"article:published_time\" content=\"2024-02-14T11:52:04+00:00\" \/>\n<meta property=\"article:modified_time\" content=\"2024-12-17T13:14:24+00:00\" \/>\n<meta property=\"og:image\" content=\"https:\/\/auxiliadorapredial.com.br\/blog\/wp-content\/uploads\/ar-condicionado-em-apartamento.jpg\" \/>\n\t<meta property=\"og:image:width\" content=\"996\" \/>\n\t<meta property=\"og:image:height\" content=\"664\" \/>\n\t<meta property=\"og:image:type\" content=\"image\/jpeg\" \/>\n<meta name=\"author\" content=\"Auxiliadora Predial\" \/>\n<meta name=\"twitter:card\" content=\"summary_large_image\" \/>\n<meta name=\"twitter:label1\" content=\"Escrito por\" \/>\n\t<meta name=\"twitter:data1\" content=\"Auxiliadora Predial\" \/>\n\t<meta name=\"twitter:label2\" content=\"Est. tempo de leitura\" \/>\n\t<meta name=\"twitter:data2\" content=\"4 minutos\" \/>\n<script type=\"application\/ld+json\" class=\"yoast-schema-graph\">{\"@context\":\"https:\\\/\\\/schema.org\",\"@graph\":[{\"@type\":\"Article\",\"@id\":\"https:\\\/\\\/auxiliadorapredial.com.br\\\/blog\\\/ar-condicionado-em-apartamento\\\/#article\",\"isPartOf\":{\"@id\":\"https:\\\/\\\/auxiliadorapredial.com.br\\\/blog\\\/ar-condicionado-em-apartamento\\\/\"},\"author\":{\"name\":\"Auxiliadora Predial\",\"@id\":\"https:\\\/\\\/www.auxiliadorapredial.com.br\\\/blog\\\/#\\\/schema\\\/person\\\/6f18fc59c4e49f77084c0b79db558b94\"},\"headline\":\"Ar-condicionado em apartamento: quais as regras?\",\"datePublished\":\"2024-02-14T11:52:04+00:00\",\"dateModified\":\"2024-12-17T13:14:24+00:00\",\"mainEntityOfPage\":{\"@id\":\"https:\\\/\\\/auxiliadorapredial.com.br\\\/blog\\\/ar-condicionado-em-apartamento\\\/\"},\"wordCount\":672,\"commentCount\":0,\"image\":{\"@id\":\"https:\\\/\\\/auxiliadorapredial.com.br\\\/blog\\\/ar-condicionado-em-apartamento\\\/#primaryimage\"},\"thumbnailUrl\":\"https:\\\/\\\/auxiliadorapredial.com.br\\\/blog\\\/wp-content\\\/uploads\\\/ar-condicionado-em-apartamento.jpg\",\"keywords\":[\"Apartamento\",\"ar condicionado\",\"ar condicionado em apartamento\",\"instalar ar condicionado em apartamento\",\"regras de ar condicionado em apartamento\"],\"articleSection\":[\"Meu Lar\"],\"inLanguage\":\"pt-BR\",\"potentialAction\":[{\"@type\":\"CommentAction\",\"name\":\"Comment\",\"target\":[\"https:\\\/\\\/auxiliadorapredial.com.br\\\/blog\\\/ar-condicionado-em-apartamento\\\/#respond\"]}]},{\"@type\":\"WebPage\",\"@id\":\"https:\\\/\\\/auxiliadorapredial.com.br\\\/blog\\\/ar-condicionado-em-apartamento\\\/\",\"url\":\"https:\\\/\\\/auxiliadorapredial.com.br\\\/blog\\\/ar-condicionado-em-apartamento\\\/\",\"name\":\"Ar-condicionado em apartamento: quais as regras? - Blog da Auxiliadora Predial - Tudo sobre im\u00f3veis e condom\u00ednios\",\"isPartOf\":{\"@id\":\"https:\\\/\\\/www.auxiliadorapredial.com.br\\\/blog\\\/#website\"},\"primaryImageOfPage\":{\"@id\":\"https:\\\/\\\/auxiliadorapredial.com.br\\\/blog\\\/ar-condicionado-em-apartamento\\\/#primaryimage\"},\"image\":{\"@id\":\"https:\\\/\\\/auxiliadorapredial.com.br\\\/blog\\\/ar-condicionado-em-apartamento\\\/#primaryimage\"},\"thumbnailUrl\":\"https:\\\/\\\/auxiliadorapredial.com.br\\\/blog\\\/wp-content\\\/uploads\\\/ar-condicionado-em-apartamento.jpg\",\"datePublished\":\"2024-02-14T11:52:04+00:00\",\"dateModified\":\"2024-12-17T13:14:24+00:00\",\"author\":{\"@id\":\"https:\\\/\\\/www.auxiliadorapredial.com.br\\\/blog\\\/#\\\/schema\\\/person\\\/6f18fc59c4e49f77084c0b79db558b94\"},\"description\":\"Veja, nesta publica\u00e7\u00e3o, quais s\u00e3o as principais regras na instala\u00e7\u00e3o e utiliza\u00e7\u00e3o de ar condicionado em apartamento!\",\"inLanguage\":\"pt-BR\",\"potentialAction\":[{\"@type\":\"ReadAction\",\"target\":[\"https:\\\/\\\/auxiliadorapredial.com.br\\\/blog\\\/ar-condicionado-em-apartamento\\\/\"]}]},{\"@type\":\"ImageObject\",\"inLanguage\":\"pt-BR\",\"@id\":\"https:\\\/\\\/auxiliadorapredial.com.br\\\/blog\\\/ar-condicionado-em-apartamento\\\/#primaryimage\",\"url\":\"https:\\\/\\\/auxiliadorapredial.com.br\\\/blog\\\/wp-content\\\/uploads\\\/ar-condicionado-em-apartamento.jpg\",\"contentUrl\":\"https:\\\/\\\/auxiliadorapredial.com.br\\\/blog\\\/wp-content\\\/uploads\\\/ar-condicionado-em-apartamento.jpg\",\"width\":996,\"height\":664,\"caption\":\"Ar-condicionado em apartamento: quais as regras?\"},{\"@type\":\"WebSite\",\"@id\":\"https:\\\/\\\/www.auxiliadorapredial.com.br\\\/blog\\\/#website\",\"url\":\"https:\\\/\\\/www.auxiliadorapredial.com.br\\\/blog\\\/\",\"name\":\"Blog da Auxiliadora Predial - Tudo sobre im\u00f3veis e condom\u00ednios\",\"description\":\"Dicas da Auxiliadora Predial sobre aluguel, compra e venda de im\u00f3veis, al\u00e9m de condom\u00ednios. Imobili\u00e1ria em Porto Alegre e interior do RS, Santa Catarina e S\u00e3o Paulo.\",\"potentialAction\":[{\"@type\":\"SearchAction\",\"target\":{\"@type\":\"EntryPoint\",\"urlTemplate\":\"https:\\\/\\\/www.auxiliadorapredial.com.br\\\/blog\\\/?s={search_term_string}\"},\"query-input\":{\"@type\":\"PropertyValueSpecification\",\"valueRequired\":true,\"valueName\":\"search_term_string\"}}],\"inLanguage\":\"pt-BR\"},{\"@type\":\"Person\",\"@id\":\"https:\\\/\\\/www.auxiliadorapredial.com.br\\\/blog\\\/#\\\/schema\\\/person\\\/6f18fc59c4e49f77084c0b79db558b94\",\"name\":\"Auxiliadora Predial\",\"image\":{\"@type\":\"ImageObject\",\"inLanguage\":\"pt-BR\",\"@id\":\"https:\\\/\\\/secure.gravatar.com\\\/avatar\\\/35e2e024be01cb7ad8d58228a0e85f870bdc4fcffc251c71ad386ea38ee05234?s=96&d=mm&r=g\",\"url\":\"https:\\\/\\\/secure.gravatar.com\\\/avatar\\\/35e2e024be01cb7ad8d58228a0e85f870bdc4fcffc251c71ad386ea38ee05234?s=96&d=mm&r=g\",\"contentUrl\":\"https:\\\/\\\/secure.gravatar.com\\\/avatar\\\/35e2e024be01cb7ad8d58228a0e85f870bdc4fcffc251c71ad386ea38ee05234?s=96&d=mm&r=g\",\"caption\":\"Auxiliadora Predial\"},\"sameAs\":[\"https:\\\/\\\/www.auxiliadorapredial.com.br\\\/\"]}]}<\/script>\n<!-- \/ Yoast SEO plugin. -->","yoast_head_json":{"title":"Ar-condicionado em apartamento: quais as regras? - Blog da Auxiliadora Predial - Tudo sobre im\u00f3veis e condom\u00ednios","description":"Veja, nesta publica\u00e7\u00e3o, quais s\u00e3o as principais regras na instala\u00e7\u00e3o e utiliza\u00e7\u00e3o de ar condicionado em apartamento!","robots":{"index":"index","follow":"follow","max-snippet":"max-snippet:-1","max-image-preview":"max-image-preview:large","max-video-preview":"max-video-preview:-1"},"canonical":"https:\/\/auxiliadorapredial.com.br\/blog\/ar-condicionado-em-apartamento\/","og_locale":"pt_BR","og_type":"article","og_title":"Ar-condicionado em apartamento: quais as regras? - Blog da Auxiliadora Predial - Tudo sobre im\u00f3veis e condom\u00ednios","og_description":"Veja, nesta publica\u00e7\u00e3o, quais s\u00e3o as principais regras na instala\u00e7\u00e3o e utiliza\u00e7\u00e3o de ar condicionado em apartamento!","og_url":"https:\/\/auxiliadorapredial.com.br\/blog\/ar-condicionado-em-apartamento\/","og_site_name":"Blog da Auxiliadora Predial - Tudo sobre im\u00f3veis e condom\u00ednios","article_published_time":"2024-02-14T11:52:04+00:00","article_modified_time":"2024-12-17T13:14:24+00:00","og_image":[{"width":996,"height":664,"url":"https:\/\/auxiliadorapredial.com.br\/blog\/wp-content\/uploads\/ar-condicionado-em-apartamento.jpg","type":"image\/jpeg"}],"author":"Auxiliadora Predial","twitter_card":"summary_large_image","twitter_misc":{"Escrito por":"Auxiliadora Predial","Est. tempo de leitura":"4 minutos"},"schema":{"@context":"https:\/\/schema.org","@graph":[{"@type":"Article","@id":"https:\/\/auxiliadorapredial.com.br\/blog\/ar-condicionado-em-apartamento\/#article","isPartOf":{"@id":"https:\/\/auxiliadorapredial.com.br\/blog\/ar-condicionado-em-apartamento\/"},"author":{"name":"Auxiliadora Predial","@id":"https:\/\/www.auxiliadorapredial.com.br\/blog\/#\/schema\/person\/6f18fc59c4e49f77084c0b79db558b94"},"headline":"Ar-condicionado em apartamento: quais as regras?","datePublished":"2024-02-14T11:52:04+00:00","dateModified":"2024-12-17T13:14:24+00:00","mainEntityOfPage":{"@id":"https:\/\/auxiliadorapredial.com.br\/blog\/ar-condicionado-em-apartamento\/"},"wordCount":672,"commentCount":0,"image":{"@id":"https:\/\/auxiliadorapredial.com.br\/blog\/ar-condicionado-em-apartamento\/#primaryimage"},"thumbnailUrl":"https:\/\/auxiliadorapredial.com.br\/blog\/wp-content\/uploads\/ar-condicionado-em-apartamento.jpg","keywords":["Apartamento","ar condicionado","ar condicionado em apartamento","instalar ar condicionado em apartamento","regras de ar condicionado em apartamento"],"articleSection":["Meu Lar"],"inLanguage":"pt-BR","potentialAction":[{"@type":"CommentAction","name":"Comment","target":["https:\/\/auxiliadorapredial.com.br\/blog\/ar-condicionado-em-apartamento\/#respond"]}]},{"@type":"WebPage","@id":"https:\/\/auxiliadorapredial.com.br\/blog\/ar-condicionado-em-apartamento\/","url":"https:\/\/auxiliadorapredial.com.br\/blog\/ar-condicionado-em-apartamento\/","name":"Ar-condicionado em apartamento: quais as regras? - Blog da Auxiliadora Predial - Tudo sobre im\u00f3veis e condom\u00ednios","isPartOf":{"@id":"https:\/\/www.auxiliadorapredial.com.br\/blog\/#website"},"primaryImageOfPage":{"@id":"https:\/\/auxiliadorapredial.com.br\/blog\/ar-condicionado-em-apartamento\/#primaryimage"},"image":{"@id":"https:\/\/auxiliadorapredial.com.br\/blog\/ar-condicionado-em-apartamento\/#primaryimage"},"thumbnailUrl":"https:\/\/auxiliadorapredial.com.br\/blog\/wp-content\/uploads\/ar-condicionado-em-apartamento.jpg","datePublished":"2024-02-14T11:52:04+00:00","dateModified":"2024-12-17T13:14:24+00:00","author":{"@id":"https:\/\/www.auxiliadorapredial.com.br\/blog\/#\/schema\/person\/6f18fc59c4e49f77084c0b79db558b94"},"description":"Veja, nesta publica\u00e7\u00e3o, quais s\u00e3o as principais regras na instala\u00e7\u00e3o e utiliza\u00e7\u00e3o de ar condicionado em apartamento!","inLanguage":"pt-BR","potentialAction":[{"@type":"ReadAction","target":["https:\/\/auxiliadorapredial.com.br\/blog\/ar-condicionado-em-apartamento\/"]}]},{"@type":"ImageObject","inLanguage":"pt-BR","@id":"https:\/\/auxiliadorapredial.com.br\/blog\/ar-condicionado-em-apartamento\/#primaryimage","url":"https:\/\/auxiliadorapredial.com.br\/blog\/wp-content\/uploads\/ar-condicionado-em-apartamento.jpg","contentUrl":"https:\/\/auxiliadorapredial.com.br\/blog\/wp-content\/uploads\/ar-condicionado-em-apartamento.jpg","width":996,"height":664,"caption":"Ar-condicionado em apartamento: quais as regras?"},{"@type":"WebSite","@id":"https:\/\/www.auxiliadorapredial.com.br\/blog\/#website","url":"https:\/\/www.auxiliadorapredial.com.br\/blog\/","name":"Blog da Auxiliadora Predial - Tudo sobre im\u00f3veis e condom\u00ednios","description":"Dicas da Auxiliadora Predial sobre aluguel, compra e venda de im\u00f3veis, al\u00e9m de condom\u00ednios. Imobili\u00e1ria em Porto Alegre e interior do RS, Santa Catarina e S\u00e3o Paulo.","potentialAction":[{"@type":"SearchAction","target":{"@type":"EntryPoint","urlTemplate":"https:\/\/www.auxiliadorapredial.com.br\/blog\/?s={search_term_string}"},"query-input":{"@type":"PropertyValueSpecification","valueRequired":true,"valueName":"search_term_string"}}],"inLanguage":"pt-BR"},{"@type":"Person","@id":"https:\/\/www.auxiliadorapredial.com.br\/blog\/#\/schema\/person\/6f18fc59c4e49f77084c0b79db558b94","name":"Auxiliadora Predial","image":{"@type":"ImageObject","inLanguage":"pt-BR","@id":"https:\/\/secure.gravatar.com\/avatar\/35e2e024be01cb7ad8d58228a0e85f870bdc4fcffc251c71ad386ea38ee05234?s=96&d=mm&r=g","url":"https:\/\/secure.gravatar.com\/avatar\/35e2e024be01cb7ad8d58228a0e85f870bdc4fcffc251c71ad386ea38ee05234?s=96&d=mm&r=g","contentUrl":"https:\/\/secure.gravatar.com\/avatar\/35e2e024be01cb7ad8d58228a0e85f870bdc4fcffc251c71ad386ea38ee05234?s=96&d=mm&r=g","caption":"Auxiliadora Predial"},"sameAs":["https:\/\/www.auxiliadorapredial.com.br\/"]}]}},"views":2310,"_links":{"self":[{"href":"https:\/\/auxiliadorapredial.com.br\/blog\/wp-json\/wp\/v2\/posts\/14875","targetHints":{"allow":["GET"]}}],"collection":[{"href":"https:\/\/auxiliadorapredial.com.br\/blog\/wp-json\/wp\/v2\/posts"}],"about":[{"href":"https:\/\/auxiliadorapredial.com.br\/blog\/wp-json\/wp\/v2\/types\/post"}],"author":[{"embeddable":true,"href":"https:\/\/auxiliadorapredial.com.br\/blog\/wp-json\/wp\/v2\/users\/8"}],"replies":[{"embeddable":true,"href":"https:\/\/auxiliadorapredial.com.br\/blog\/wp-json\/wp\/v2\/comments?post=14875"}],"version-history":[{"count":6,"href":"https:\/\/auxiliadorapredial.com.br\/blog\/wp-json\/wp\/v2\/posts\/14875\/revisions"}],"predecessor-version":[{"id":16408,"href":"https:\/\/auxiliadorapredial.com.br\/blog\/wp-json\/wp\/v2\/posts\/14875\/revisions\/16408"}],"wp:featuredmedia":[{"embeddable":true,"href":"https:\/\/auxiliadorapredial.com.br\/blog\/wp-json\/wp\/v2\/media\/14879"}],"wp:attachment":[{"href":"https:\/\/auxiliadorapredial.com.br\/blog\/wp-json\/wp\/v2\/media?parent=14875"}],"wp:term":[{"taxonomy":"category","embeddable":true,"href":"https:\/\/auxiliadorapredial.com.br\/blog\/wp-json\/wp\/v2\/categories?post=14875"},{"taxonomy":"post_tag","embeddable":true,"href":"https:\/\/auxiliadorapredial.com.br\/blog\/wp-json\/wp\/v2\/tags?post=14875"}],"curies":[{"name":"wp","href":"https:\/\/api.w.org\/{rel}","templated":true}]}}